{"id":8889,"date":"2016-11-05T23:00:23","date_gmt":"2016-11-05T22:00:23","guid":{"rendered":"http:\/\/www.feuerwehr-pettneu.at\/wp\/?p=8889"},"modified":"2017-08-25T21:14:12","modified_gmt":"2017-08-25T19:14:12","slug":"jahreshauptversammlung","status":"publish","type":"post","link":"https:\/\/www.feuerwehr-pettneu.at\/wp\/jahreshauptversammlung_05112016","title":{"rendered":"Jahreshauptversammlung"},"content":{"rendered":"<p>Die 131. Jahreshauptversammlung wurde von der Feuerwehr Pettneu am 05.11.2016 durchgef\u00fchrt. Als Ehreng\u00e4ste waren unser Ehrenmitglied Lampacher Heini, Bezirksfeuerwehrinspektor Greuter Thomas, B\u00fcrgermeister Matt Manfred und Vizeb\u00fcrgermeister Wolf Patrick anwesend.<\/p>\n<p>Nach der Begr\u00fc\u00dfung und Beginn durch den Kommandanten wurde der Jahresbericht und die Berichte der Beauftragten vorgetragen. Die Feuerwehr kann auf ein ereignisreiches Jahr 2016 zur\u00fcckschauen. Es wurden viele Stunden geleistet und Arbeiten erledigt, \u00dcbungen und Schulungen durchgef\u00fchrt, an Bewerben und Leistungspr\u00fcfungen teilgenommen und nat\u00fcrlich auch Eins\u00e4tze abgearbeitet. Insgesamt konnten unsere Mitglieder im abgelaufene Berichtsjahr \u00fcber 6.500 Mannstunden verzeichnen.<\/p>\n<p>Auch die Ehreng\u00e4ste Bezirksfeuerwehrinspektor Greuter Thomas, Abschnittskommandat Raffeiner Martin und B\u00fcrgermeister Matt Manfred kamen zu Wort und sprachen zur versammelten Mannschaft.<\/p>\n<p>Kommandant Starjakob Christian bedankte sich bei der Gemeinde f\u00fcr die gute Zusammenarbeit und dankte der gesamten Mannschaft f\u00fcr die geleisteten Arbeiten.<\/p>\n<p><b>Angelobungen:\u00a0<\/b><br \/>\n\u2022 Mair Christopher<br \/>\n\u2022 Stark Michael<\/p>\n<p><b>Bef\u00f6rderungen:<\/b><br \/>\n\u2022 Feuerwehrmann Mair Christopher<br \/>\n\u2022 Feuerwehrmann Stark Michael<br \/>\n\u2022 Oberfeuerwehrmann Tilg Sebastian<br \/>\n\u2022 Oberfeuerwehrmann Zangerle Patrick<br \/>\n\u2022 Hauptfeuerwehrmann Mattle Julian<br \/>\n\u2022 Hauptfeuerwehrmann Tilg Fabio<br \/>\n\u2022 L\u00f6schmeister Jordan Stefan<br \/>\n\u2022 L\u00f6schmeister Kuen Lukas<br \/>\n\u2022 L\u00f6schmeister Storch Jochen<\/p>\n<p><b>Ehrungen:<\/b><br \/>\n\u2022 40j\u00e4hrige Mitgliedschaft Burger Helmut<br \/>\n\u2022 40j\u00e4hrige Mitgliedschaft Salfenauer Bernhard<br \/>\n\u2022 40j\u00e4hrige Mitgliedschaft Walch G\u00fcnther<\/p>\n<p>Neben den Bef\u00f6rderungen und Ehrungen wurden auch die Leistungsabzeichen vom Landesbewerb in St. Anton der Silber Gruppe \u00fcberreicht.<\/p>\n<div class=\"et_pb_slider et_pb_slider_fullwidth_off et_pb_gallery_post_type\">\n\t\t\t\t<div class=\"et_pb_slides\">\n\t\t\t\t\t<div class=\"et_pb_slide\" style=\"background: url(https:\/\/www.feuerwehr-pettneu.at\/wp\/wp-content\/uploads\/2017\/08\/jhv_05112016_001.jpg);\"><\/div><div class=\"et_pb_slide\" style=\"background: url(https:\/\/www.feuerwehr-pettneu.at\/wp\/wp-content\/uploads\/2017\/08\/jhv_05112016_002.jpg);\"><\/div><div class=\"et_pb_slide\" style=\"background: url(https:\/\/www.feuerwehr-pettneu.at\/wp\/wp-content\/uploads\/2017\/08\/jhv_05112016_003.jpg);\"><\/div><div class=\"et_pb_slide\" style=\"background: url(https:\/\/www.feuerwehr-pettneu.at\/wp\/wp-content\/uploads\/2017\/08\/jhv_05112016_004.jpg);\"><\/div><div class=\"et_pb_slide\" style=\"background: url(https:\/\/www.feuerwehr-pettneu.at\/wp\/wp-content\/uploads\/2017\/08\/jhv_05112016_005.jpg);\"><\/div><div class=\"et_pb_slide\" style=\"background: url(https:\/\/www.feuerwehr-pettneu.at\/wp\/wp-content\/uploads\/2017\/08\/jhv_05112016_006.jpg);\"><\/div><div class=\"et_pb_slide\" style=\"background: url(https:\/\/www.feuerwehr-pettneu.at\/wp\/wp-content\/uploads\/2017\/08\/jhv_05112016_007.jpg);\"><\/div><div class=\"et_pb_slide\" style=\"background: url(https:\/\/www.feuerwehr-pettneu.at\/wp\/wp-content\/uploads\/2017\/08\/jhv_05112016_008.jpg);\"><\/div><div class=\"et_pb_slide\" style=\"background: url(https:\/\/www.feuerwehr-pettneu.at\/wp\/wp-content\/uploads\/2017\/08\/jhv_05112016_009.jpg);\"><\/div><div class=\"et_pb_slide\" style=\"background: url(https:\/\/www.feuerwehr-pettneu.at\/wp\/wp-content\/uploads\/2017\/08\/jhv_05112016_010.jpg);\"><\/div><div class=\"et_pb_slide\" style=\"background: url(https:\/\/www.feuerwehr-pettneu.at\/wp\/wp-content\/uploads\/2017\/08\/jhv_05112016_011.jpg);\"><\/div><div class=\"et_pb_slide\" style=\"background: url(https:\/\/www.feuerwehr-pettneu.at\/wp\/wp-content\/uploads\/2017\/08\/jhv_05112016_012.jpg);\"><\/div><div class=\"et_pb_slide\" style=\"background: url(https:\/\/www.feuerwehr-pettneu.at\/wp\/wp-content\/uploads\/2017\/08\/jhv_05112016_013.jpg);\"><\/div><div class=\"et_pb_slide\" style=\"background: url(https:\/\/www.feuerwehr-pettneu.at\/wp\/wp-content\/uploads\/2017\/08\/jhv_05112016_014.jpg);\"><\/div><div class=\"et_pb_slide\" style=\"background: url(https:\/\/www.feuerwehr-pettneu.at\/wp\/wp-content\/uploads\/2017\/08\/jhv_05112016_015.jpg);\"><\/div>\n\t\t\t\t<\/div>\n\t\t\t<\/div>\n","protected":false},"excerpt":{"rendered":"<p>Die 131. Jahreshauptversammlung wurde von der Feuerwehr Pettneu am 05.11.2016 durchgef\u00fchrt. Als Ehreng\u00e4ste waren unser Ehrenmitglied Lampacher Heini, Bezirksfeuerwehrinspektor Greuter Thomas, B\u00fcrgermeister Matt Manfred und Vizeb\u00fcrgermeister Wolf Patrick anwesend. Nach der Begr\u00fc\u00dfung und Beginn durch den Kommandanten wurde der Jahresbericht und die Berichte der Beauftragten vorgetragen. Die Feuerwehr kann auf ein ereignisreiches Jahr 2016 zur\u00fcckschauen. [&hellip;]<\/p>\n","protected":false},"author":1,"featured_media":9230,"comment_status":"open","ping_status":"open","sticky":false,"template":"","format":"standard","meta":{"_et_pb_use_builder":"","_et_pb_old_content":"","_et_gb_content_width":"","_jetpack_memberships_contains_paid_content":false,"footnotes":"","jetpack_publicize_message":"","jetpack_publicize_feature_enabled":true,"jetpack_social_post_already_shared":true,"jetpack_social_options":{"image_generator_settings":{"template":"highway","default_image_id":0,"font":"","enabled":false},"version":2}},"categories":[1,5],"tags":[],"class_list":["post-8889","post","type-post","status-publish","format-standard","has-post-thumbnail","hentry","category-blog","category-taetigkeiten"],"jetpack_publicize_connections":[],"jetpack_featured_media_url":"https:\/\/www.feuerwehr-pettneu.at\/wp\/wp-content\/uploads\/2017\/08\/jhv_05112016_012.jpg","jetpack_sharing_enabled":true,"jetpack-related-posts":[{"id":22985,"url":"https:\/\/www.feuerwehr-pettneu.at\/wp\/jahreshauptversammlung-2021_06112021","url_meta":{"origin":8889,"position":0},"title":"Jahreshauptversammlung2021","author":"FF-Pettneu","date":"Samstag, 06. November 2021","format":false,"excerpt":"Die 136. Jahreshauptversammlung der FF-Pettneu wurde am 06.11.2021 durchgef\u00fchrt. Nach einem Jahr Pause konnte diese wieder wie gehabt unter Beachtung der geltenden Covid-Ma\u00dfnahmen durchgef\u00fchrt werden. Neben den anwesenden Mitgliedern waren Bezirksfeuerwehrinspektor Greuter Thomas, Abschnittskommandant Raffeiner Martin sowie Vizeb\u00fcrgermeister Wolf Patrik als Ehreng\u00e4ste bei der Versammlung dabei. Die vorgetragenen Berichte des\u2026","rel":"","context":"In &quot;Blog&quot;","block_context":{"text":"Blog","link":"https:\/\/www.feuerwehr-pettneu.at\/wp\/category\/blog"},"img":{"alt_text":"","src":"https:\/\/i0.wp.com\/www.feuerwehr-pettneu.at\/wp\/wp-content\/uploads\/2021\/11\/jhv_06112021_021-1.jpg?resize=350%2C200&ssl=1","width":350,"height":200,"srcset":"https:\/\/i0.wp.com\/www.feuerwehr-pettneu.at\/wp\/wp-content\/uploads\/2021\/11\/jhv_06112021_021-1.jpg?resize=350%2C200&ssl=1 1x, https:\/\/i0.wp.com\/www.feuerwehr-pettneu.at\/wp\/wp-content\/uploads\/2021\/11\/jhv_06112021_021-1.jpg?resize=525%2C300&ssl=1 1.5x, https:\/\/i0.wp.com\/www.feuerwehr-pettneu.at\/wp\/wp-content\/uploads\/2021\/11\/jhv_06112021_021-1.jpg?resize=700%2C400&ssl=1 2x"},"classes":[]},{"id":21895,"url":"https:\/\/www.feuerwehr-pettneu.at\/wp\/134-jahreshauptversammlung-2019_09112019","url_meta":{"origin":8889,"position":1},"title":"134. Jahreshauptversammlung 2019","author":"FF-Pettneu","date":"Samstag, 09. November 2019","format":false,"excerpt":"Die 134. Jahreshauptversammlung der Feuerwehr Pettneu fand, am 09.11.2019 im Schulungsraum der Feuerwehrhalle statt. Neben den anwesenden Mitgliedern war Bezirksfeuerwehrinspektor Greuter Thomas, Abschnittskommandant Raffeiner Martin sowie B\u00fcrgermeister Matt Manfred als Ehreng\u00e4ste bei der Versammlung dabei. Der Bericht des Kommandanten und der jeweiligen Beauftragten fassten das abgelaufenen Jahr in Zahlen und\u2026","rel":"","context":"In &quot;Blog&quot;","block_context":{"text":"Blog","link":"https:\/\/www.feuerwehr-pettneu.at\/wp\/category\/blog"},"img":{"alt_text":"","src":"https:\/\/i0.wp.com\/www.feuerwehr-pettneu.at\/wp\/wp-content\/uploads\/2019\/11\/jhv_09112019_001.jpg?resize=350%2C200&ssl=1","width":350,"height":200,"srcset":"https:\/\/i0.wp.com\/www.feuerwehr-pettneu.at\/wp\/wp-content\/uploads\/2019\/11\/jhv_09112019_001.jpg?resize=350%2C200&ssl=1 1x, https:\/\/i0.wp.com\/www.feuerwehr-pettneu.at\/wp\/wp-content\/uploads\/2019\/11\/jhv_09112019_001.jpg?resize=525%2C300&ssl=1 1.5x, https:\/\/i0.wp.com\/www.feuerwehr-pettneu.at\/wp\/wp-content\/uploads\/2019\/11\/jhv_09112019_001.jpg?resize=700%2C400&ssl=1 2x"},"classes":[]},{"id":11789,"url":"https:\/\/www.feuerwehr-pettneu.at\/wp\/jahreshauptversammlung-5_05112011","url_meta":{"origin":8889,"position":2},"title":"Jahreshauptversammlung","author":"Paul Nothdurfter","date":"Samstag, 05. November 2011","format":false,"excerpt":"Die 126. Jahreshauptversammlung der F.F. Pettneu fand am Samstag den 5.11.2011 im Schulungsraum statt. Unser Kommandant Christian Starjakob gab wieder vor den anwesenden Ehreng\u00e4ste Bezirkskommandant Christoph Mair, Abschnittskommandant Hermann Wolf, B\u00fcrgermeister Manfred Matt und Ehrenkommandant und Ehrenmitglied Heinrich Lampacher einen eindrucksvollen Jahresbericht ab. Im Berichtsjahr wurden von der Feuerwehr Pettneu\u2026","rel":"","context":"In &quot;Blog&quot;","block_context":{"text":"Blog","link":"https:\/\/www.feuerwehr-pettneu.at\/wp\/category\/blog"},"img":{"alt_text":"","src":"https:\/\/i0.wp.com\/www.feuerwehr-pettneu.at\/wp\/wp-content\/uploads\/2017\/08\/jhv2011_011.jpg?resize=350%2C200&ssl=1","width":350,"height":200,"srcset":"https:\/\/i0.wp.com\/www.feuerwehr-pettneu.at\/wp\/wp-content\/uploads\/2017\/08\/jhv2011_011.jpg?resize=350%2C200&ssl=1 1x, https:\/\/i0.wp.com\/www.feuerwehr-pettneu.at\/wp\/wp-content\/uploads\/2017\/08\/jhv2011_011.jpg?resize=525%2C300&ssl=1 1.5x, https:\/\/i0.wp.com\/www.feuerwehr-pettneu.at\/wp\/wp-content\/uploads\/2017\/08\/jhv2011_011.jpg?resize=700%2C400&ssl=1 2x"},"classes":[]},{"id":11853,"url":"https:\/\/www.feuerwehr-pettneu.at\/wp\/124-jahreshauptversammlung-der-f-f-pettneu_07112009","url_meta":{"origin":8889,"position":3},"title":"124. Jahreshauptversammlung der F. F. Pettneu","author":"Paul Nothdurfter","date":"Samstag, 07. November 2009","format":false,"excerpt":"Am Samstag den 07.11.2009 fand unsere Jahreshauptversammlung statt. Neben den Ehreng\u00e4sten Bezirks-Feuerwehrinspektor Otmar Weiskopf, Abschnittskdt. Hermann Wolf und B\u00fcrgermeister Klaus Zangerl waren viele Kameraden der Einladung gefolgt. Besonders erfreulich war, dass unsere 2 Ehrenmitglieder Julius Kuen und Heinrich Lampacher ebenfalls an der Jahreshauptversammlung teilnahmen. Erstmals wurde das neue Ehrenzeichen des\u2026","rel":"","context":"In &quot;Blog&quot;","block_context":{"text":"Blog","link":"https:\/\/www.feuerwehr-pettneu.at\/wp\/category\/blog"},"img":{"alt_text":"","src":"https:\/\/i0.wp.com\/www.feuerwehr-pettneu.at\/wp\/wp-content\/uploads\/2017\/08\/jhv071109_026.jpg?resize=350%2C200&ssl=1","width":350,"height":200,"srcset":"https:\/\/i0.wp.com\/www.feuerwehr-pettneu.at\/wp\/wp-content\/uploads\/2017\/08\/jhv071109_026.jpg?resize=350%2C200&ssl=1 1x, https:\/\/i0.wp.com\/www.feuerwehr-pettneu.at\/wp\/wp-content\/uploads\/2017\/08\/jhv071109_026.jpg?resize=525%2C300&ssl=1 1.5x, https:\/\/i0.wp.com\/www.feuerwehr-pettneu.at\/wp\/wp-content\/uploads\/2017\/08\/jhv071109_026.jpg?resize=700%2C400&ssl=1 2x"},"classes":[]},{"id":19204,"url":"https:\/\/www.feuerwehr-pettneu.at\/wp\/jahreshauptversammlung-2017_04112017","url_meta":{"origin":8889,"position":4},"title":"Jahreshauptversammlung 2017","author":"FF-Pettneu","date":"Samstag, 04. November 2017","format":false,"excerpt":"Am Samstag den 4.11.2017 wurde die 132. Jahreshauptversammlung der Freiw. Feuerwehr Pettneu durchgef\u00fchrt. Kommandant Christian Starjakob und sein Ausschuss konnten vor den zahlreich anwesenden Kameraden einen eindrucksvollen Bericht f\u00fcr das Jahr 2017 abliefern. Auch die anwesenden Ehreng\u00e4ste B\u00fcrgermeister Manfred Matt, Bezirks-Feuerwehrinspektor Thomas Greuter und Abschnittskommandant Martin Raffeiner waren beeindruckt. Die\u2026","rel":"","context":"In &quot;Blog&quot;","block_context":{"text":"Blog","link":"https:\/\/www.feuerwehr-pettneu.at\/wp\/category\/blog"},"img":{"alt_text":"","src":"https:\/\/i0.wp.com\/www.feuerwehr-pettneu.at\/wp\/wp-content\/uploads\/2017\/11\/jhv_05112017_019.jpg?resize=350%2C200&ssl=1","width":350,"height":200,"srcset":"https:\/\/i0.wp.com\/www.feuerwehr-pettneu.at\/wp\/wp-content\/uploads\/2017\/11\/jhv_05112017_019.jpg?resize=350%2C200&ssl=1 1x, https:\/\/i0.wp.com\/www.feuerwehr-pettneu.at\/wp\/wp-content\/uploads\/2017\/11\/jhv_05112017_019.jpg?resize=525%2C300&ssl=1 1.5x, https:\/\/i0.wp.com\/www.feuerwehr-pettneu.at\/wp\/wp-content\/uploads\/2017\/11\/jhv_05112017_019.jpg?resize=700%2C400&ssl=1 2x"},"classes":[]},{"id":28034,"url":"https:\/\/www.feuerwehr-pettneu.at\/wp\/140-jahreshauptversammlung-der-feuerwehr-pettneu_08112025","url_meta":{"origin":8889,"position":5},"title":"140. Jahreshauptversammlung der Feuerwehr Pettneu","author":"FF-Pettneu","date":"Samstag, 08. November 2025","format":false,"excerpt":"Am 08.11.2025 fand die 140. Jahreshauptversammlung der Feuerwehr Pettneu im Gemeindesaal statt. Als Ehreng\u00e4ste konnte die diesj\u00e4hrige Vollversammlung den Bezirksfeuerwehrinspektor Martin Raffeiner und unseren B\u00fcrgermeister Patrik Wolf begr\u00fc\u00dfen. Die Feuerwehr Pettneu konnte neben den Berichten des Kommandos und der Beauftragten auf ein aktives Jahr zur\u00fcckblicken. Neben den zahlreich abgehaltenen \u00dcbungen\u2026","rel":"","context":"In &quot;Blog&quot;","block_context":{"text":"Blog","link":"https:\/\/www.feuerwehr-pettneu.at\/wp\/category\/blog"},"img":{"alt_text":"","src":"https:\/\/i0.wp.com\/www.feuerwehr-pettneu.at\/wp\/wp-content\/uploads\/2025\/11\/jhv_08112025_014-1.jpg?resize=350%2C200&ssl=1","width":350,"height":200,"srcset":"https:\/\/i0.wp.com\/www.feuerwehr-pettneu.at\/wp\/wp-content\/uploads\/2025\/11\/jhv_08112025_014-1.jpg?resize=350%2C200&ssl=1 1x, https:\/\/i0.wp.com\/www.feuerwehr-pettneu.at\/wp\/wp-content\/uploads\/2025\/11\/jhv_08112025_014-1.jpg?resize=525%2C300&ssl=1 1.5x, https:\/\/i0.wp.com\/www.feuerwehr-pettneu.at\/wp\/wp-content\/uploads\/2025\/11\/jhv_08112025_014-1.jpg?resize=700%2C400&ssl=1 2x"},"classes":[]}],"_links":{"self":[{"href":"https:\/\/www.feuerwehr-pettneu.at\/wp\/wp-json\/wp\/v2\/posts\/8889","targetHints":{"allow":["GET"]}}],"collection":[{"href":"https:\/\/www.feuerwehr-pettneu.at\/wp\/wp-json\/wp\/v2\/posts"}],"about":[{"href":"https:\/\/www.feuerwehr-pettneu.at\/wp\/wp-json\/wp\/v2\/types\/post"}],"author":[{"embeddable":true,"href":"https:\/\/www.feuerwehr-pettneu.at\/wp\/wp-json\/wp\/v2\/users\/1"}],"replies":[{"embeddable":true,"href":"https:\/\/www.feuerwehr-pettneu.at\/wp\/wp-json\/wp\/v2\/comments?post=8889"}],"version-history":[{"count":0,"href":"https:\/\/www.feuerwehr-pettneu.at\/wp\/wp-json\/wp\/v2\/posts\/8889\/revisions"}],"wp:featuredmedia":[{"embeddable":true,"href":"https:\/\/www.feuerwehr-pettneu.at\/wp\/wp-json\/wp\/v2\/media\/9230"}],"wp:attachment":[{"href":"https:\/\/www.feuerwehr-pettneu.at\/wp\/wp-json\/wp\/v2\/media?parent=8889"}],"wp:term":[{"taxonomy":"category","embeddable":true,"href":"https:\/\/www.feuerwehr-pettneu.at\/wp\/wp-json\/wp\/v2\/categories?post=8889"},{"taxonomy":"post_tag","embeddable":true,"href":"https:\/\/www.feuerwehr-pettneu.at\/wp\/wp-json\/wp\/v2\/tags?post=8889"}],"curies":[{"name":"wp","href":"https:\/\/api.w.org\/{rel}","templated":true}]}}