{"id":8746,"date":"2017-06-06T22:00:11","date_gmt":"2017-06-06T20:00:11","guid":{"rendered":"http:\/\/www.feuerwehr-pettneu.at\/wp\/?p=8746"},"modified":"2017-08-21T15:24:04","modified_gmt":"2017-08-21T13:24:04","slug":"monatsuebung-juni-wellnesspark","status":"publish","type":"post","link":"https:\/\/www.feuerwehr-pettneu.at\/wp\/monatsuebung-juni-wellnesspark_06062017","title":{"rendered":"Monats\u00fcbung Juni &#8222;Wellnesspark&#8220;"},"content":{"rendered":"<p>Die Monats\u00fcbung Juni fand am Dienstag den 06.06.2017 um 20.00 Uhr statt. Am Programm stand eine Branddienst\u00fcbung im Technikraum und Saunabereichs des Wellnessparks.<br \/>\nDabei waren mehrere Personen vermisst und somit die Atemschutztrupps gefordert. Da sich Personen auch auf der Terrasse bzw. auf dem Dach des Wellnessparks aufhielten und der Weg durch das Geb\u00e4ude verraucht war wurden diese \u00fcber die Schiebeleiter geborgen.<br \/>\nAuch die Lagef\u00fchrung bzw. die Lagedarstellung wurde mit dem Lagef\u00fchrungsprogramm \u201eContwise Lisa\u201c in der Florianstation mitdokumentiert.<\/p>\n<div class=\"et_pb_slider et_pb_slider_fullwidth_off et_pb_gallery_post_type\">\n\t\t\t\t<div class=\"et_pb_slides\">\n\t\t\t\t\t<div class=\"et_pb_slide\" style=\"background: url(https:\/\/www.feuerwehr-pettneu.at\/wp\/wp-content\/uploads\/2017\/08\/monatsuebung_wellnesspark_06062017_001.jpg);\"><\/div><div class=\"et_pb_slide\" style=\"background: url(https:\/\/www.feuerwehr-pettneu.at\/wp\/wp-content\/uploads\/2017\/08\/monatsuebung_wellnesspark_06062017_002.jpg);\"><\/div><div class=\"et_pb_slide\" style=\"background: url(https:\/\/www.feuerwehr-pettneu.at\/wp\/wp-content\/uploads\/2017\/08\/monatsuebung_wellnesspark_06062017_003.jpg);\"><\/div><div class=\"et_pb_slide\" style=\"background: url(https:\/\/www.feuerwehr-pettneu.at\/wp\/wp-content\/uploads\/2017\/08\/monatsuebung_wellnesspark_06062017_004.jpg);\"><\/div><div class=\"et_pb_slide\" style=\"background: url(https:\/\/www.feuerwehr-pettneu.at\/wp\/wp-content\/uploads\/2017\/08\/monatsuebung_wellnesspark_06062017_005.jpg);\"><\/div><div class=\"et_pb_slide\" style=\"background: url(https:\/\/www.feuerwehr-pettneu.at\/wp\/wp-content\/uploads\/2017\/08\/monatsuebung_wellnesspark_06062017_006.jpg);\"><\/div><div class=\"et_pb_slide\" style=\"background: url(https:\/\/www.feuerwehr-pettneu.at\/wp\/wp-content\/uploads\/2017\/08\/monatsuebung_wellnesspark_06062017_007.jpg);\"><\/div><div class=\"et_pb_slide\" style=\"background: url(https:\/\/www.feuerwehr-pettneu.at\/wp\/wp-content\/uploads\/2017\/08\/monatsuebung_wellnesspark_06062017_008.jpg);\"><\/div><div class=\"et_pb_slide\" style=\"background: url(https:\/\/www.feuerwehr-pettneu.at\/wp\/wp-content\/uploads\/2017\/08\/monatsuebung_wellnesspark_06062017_009.jpg);\"><\/div><div class=\"et_pb_slide\" style=\"background: url(https:\/\/www.feuerwehr-pettneu.at\/wp\/wp-content\/uploads\/2017\/08\/monatsuebung_wellnesspark_06062017_010.jpg);\"><\/div><div class=\"et_pb_slide\" style=\"background: url(https:\/\/www.feuerwehr-pettneu.at\/wp\/wp-content\/uploads\/2017\/08\/monatsuebung_wellnesspark_06062017_011.jpg);\"><\/div><div class=\"et_pb_slide\" style=\"background: url(https:\/\/www.feuerwehr-pettneu.at\/wp\/wp-content\/uploads\/2017\/08\/monatsuebung_wellnesspark_06062017_012.jpg);\"><\/div><div class=\"et_pb_slide\" style=\"background: url(https:\/\/www.feuerwehr-pettneu.at\/wp\/wp-content\/uploads\/2017\/08\/monatsuebung_wellnesspark_06062017_013.jpg);\"><\/div><div class=\"et_pb_slide\" style=\"background: url(https:\/\/www.feuerwehr-pettneu.at\/wp\/wp-content\/uploads\/2017\/08\/monatsuebung_wellnesspark_06062017_014.jpg);\"><\/div><div class=\"et_pb_slide\" style=\"background: url(https:\/\/www.feuerwehr-pettneu.at\/wp\/wp-content\/uploads\/2017\/08\/monatsuebung_wellnesspark_06062017_015.jpg);\"><\/div><div class=\"et_pb_slide\" style=\"background: url(https:\/\/www.feuerwehr-pettneu.at\/wp\/wp-content\/uploads\/2017\/08\/monatsuebung_wellnesspark_06062017_016.jpg);\"><\/div><div class=\"et_pb_slide\" style=\"background: url(https:\/\/www.feuerwehr-pettneu.at\/wp\/wp-content\/uploads\/2017\/08\/monatsuebung_wellnesspark_06062017_017.jpg);\"><\/div>\n\t\t\t\t<\/div>\n\t\t\t<\/div>\n","protected":false},"excerpt":{"rendered":"<p>Die Monats\u00fcbung Juni fand am Dienstag den 06.06.2017 um 20.00 Uhr statt. Am Programm stand eine Branddienst\u00fcbung im Technikraum und Saunabereichs des Wellnessparks. Dabei waren mehrere Personen vermisst und somit die Atemschutztrupps gefordert. Da sich Personen auch auf der Terrasse bzw. auf dem Dach des Wellnessparks aufhielten und der Weg durch das Geb\u00e4ude verraucht war [&hellip;]<\/p>\n","protected":false},"author":1,"featured_media":8695,"comment_status":"open","ping_status":"open","sticky":false,"template":"","format":"standard","meta":{"_et_pb_use_builder":"","_et_pb_old_content":"","_et_gb_content_width":"","_jetpack_memberships_contains_paid_content":false,"footnotes":"","jetpack_publicize_message":"","jetpack_publicize_feature_enabled":true,"jetpack_social_post_already_shared":true,"jetpack_social_options":{"image_generator_settings":{"template":"highway","default_image_id":0,"font":"","enabled":false},"version":2}},"categories":[1,3],"tags":[],"class_list":["post-8746","post","type-post","status-publish","format-standard","has-post-thumbnail","hentry","category-blog","category-uebungen"],"jetpack_publicize_connections":[],"jetpack_featured_media_url":"https:\/\/www.feuerwehr-pettneu.at\/wp\/wp-content\/uploads\/2017\/08\/monatsuebung_wellnesspark_06062017_002.jpg","jetpack_sharing_enabled":true,"jetpack-related-posts":[{"id":12040,"url":"https:\/\/www.feuerwehr-pettneu.at\/wp\/vollprobe-brand_13042015","url_meta":{"origin":8746,"position":0},"title":"Vollprobe Brand","author":"Paul Nothdurfter","date":"Montag, 13. April 2015","format":false,"excerpt":"Am Montag 13.4.2015 fand unsere Vollprobe \u201eSchwerpunkt-Brand\u201c statt. Bei der \u00dcbung wurden ein Brand im Wellnesspark mit starker Rauchentwicklung im Bereich der Umkleidekabinen sowie verletzte Personen angenommen. W\u00e4hrend der Atemschutz die Priorit\u00e4t zur Bergung der Personen hatte, wurde vom KLF eine L\u00f6schleitung von der Rosanna bis zum Wellnesspark aufgebaut. Die\u2026","rel":"","context":"In &quot;Blog&quot;","block_context":{"text":"Blog","link":"https:\/\/www.feuerwehr-pettneu.at\/wp\/category\/blog"},"img":{"alt_text":"","src":"https:\/\/i0.wp.com\/www.feuerwehr-pettneu.at\/wp\/wp-content\/uploads\/2017\/09\/vollprobe_wellnesspark_13042015_006.jpg?resize=350%2C200&ssl=1","width":350,"height":200,"srcset":"https:\/\/i0.wp.com\/www.feuerwehr-pettneu.at\/wp\/wp-content\/uploads\/2017\/09\/vollprobe_wellnesspark_13042015_006.jpg?resize=350%2C200&ssl=1 1x, https:\/\/i0.wp.com\/www.feuerwehr-pettneu.at\/wp\/wp-content\/uploads\/2017\/09\/vollprobe_wellnesspark_13042015_006.jpg?resize=525%2C300&ssl=1 1.5x, https:\/\/i0.wp.com\/www.feuerwehr-pettneu.at\/wp\/wp-content\/uploads\/2017\/09\/vollprobe_wellnesspark_13042015_006.jpg?resize=700%2C400&ssl=1 2x"},"classes":[]},{"id":11992,"url":"https:\/\/www.feuerwehr-pettneu.at\/wp\/monatsuebung-juni-verkehrsunfall_06062016","url_meta":{"origin":8746,"position":1},"title":"Monats\u00fcbung Juni &#8222;Verkehrsunfall&#8220;","author":"Paul Nothdurfter","date":"Montag, 06. Juni 2016","format":false,"excerpt":"Die Monats\u00fcbung fand am 06.06.2016 um 20.00 Uhr statt. Auf dem Programm stand eine technische \u00dcbung, bei der verletzte Personen aus zwei verunfallten PKW's geborgen werden mussten. Die Schwiergikeit bestand darin, dass ein PKW auf dem Dach lag und der andere das gesamte Dach eingedr\u00fcckt hatte. Die zwei Fahrzeuge wurden\u2026","rel":"","context":"In &quot;Blog&quot;","block_context":{"text":"Blog","link":"https:\/\/www.feuerwehr-pettneu.at\/wp\/category\/blog"},"img":{"alt_text":"","src":"https:\/\/i0.wp.com\/www.feuerwehr-pettneu.at\/wp\/wp-content\/uploads\/2017\/08\/monatsuebung_06062016_026.jpg?resize=350%2C200&ssl=1","width":350,"height":200,"srcset":"https:\/\/i0.wp.com\/www.feuerwehr-pettneu.at\/wp\/wp-content\/uploads\/2017\/08\/monatsuebung_06062016_026.jpg?resize=350%2C200&ssl=1 1x, https:\/\/i0.wp.com\/www.feuerwehr-pettneu.at\/wp\/wp-content\/uploads\/2017\/08\/monatsuebung_06062016_026.jpg?resize=525%2C300&ssl=1 1.5x, https:\/\/i0.wp.com\/www.feuerwehr-pettneu.at\/wp\/wp-content\/uploads\/2017\/08\/monatsuebung_06062016_026.jpg?resize=700%2C400&ssl=1 2x"},"classes":[]},{"id":11996,"url":"https:\/\/www.feuerwehr-pettneu.at\/wp\/funkuebung_18052016","url_meta":{"origin":8746,"position":2},"title":"Funk\u00fcbung","author":"Paul Nothdurfter","date":"Mittwoch, 18. Mai 2016","format":false,"excerpt":"Am Mittwoch den 18.05.2016 fand eine Funk\u00fcbung statt. \u00dcbungsannahme waren 2 vermisste Kinder die nach der Schule nicht nach Hause kamen. Als Schulgeb\u00e4ude wurde der Wellnesspark Arlberg Stanzertal angenommen. Nach Einlangen der Einsatzmeldung wurde die Mannschaft in 3 Gruppen aufgeteilt und die Florianstation besetzt. Zeitgleich wurde auch die Lagef\u00fchrung in\u2026","rel":"","context":"In &quot;Blog&quot;","block_context":{"text":"Blog","link":"https:\/\/www.feuerwehr-pettneu.at\/wp\/category\/blog"},"img":{"alt_text":"","src":"https:\/\/i0.wp.com\/www.feuerwehr-pettneu.at\/wp\/wp-content\/uploads\/2016\/05\/funkuebung18052016__002.jpg?resize=350%2C200&ssl=1","width":350,"height":200,"srcset":"https:\/\/i0.wp.com\/www.feuerwehr-pettneu.at\/wp\/wp-content\/uploads\/2016\/05\/funkuebung18052016__002.jpg?resize=350%2C200&ssl=1 1x, https:\/\/i0.wp.com\/www.feuerwehr-pettneu.at\/wp\/wp-content\/uploads\/2016\/05\/funkuebung18052016__002.jpg?resize=525%2C300&ssl=1 1.5x, https:\/\/i0.wp.com\/www.feuerwehr-pettneu.at\/wp\/wp-content\/uploads\/2016\/05\/funkuebung18052016__002.jpg?resize=700%2C400&ssl=1 2x"},"classes":[]},{"id":24631,"url":"https:\/\/www.feuerwehr-pettneu.at\/wp\/monatsuebung-technisch_07062023","url_meta":{"origin":8746,"position":3},"title":"Monats\u00fcbung &#8222;Technisch&#8220;","author":"FF-Pettneu","date":"Mittwoch, 07. Juni 2023","format":false,"excerpt":"Unsere Monats\u00fcbung f\u00fcr den Monat Juni fand am 07.06.2023 als technische Einsatz\u00fcbung statt. \u00dcbungsannahme war ein schwerer Verkehrsunfall mit 2 beteiligten PKW\u00b4s und mehreren verletzten bzw. eingeklemmten Personen. Durch den Einsatz von Bergeschere und Spreizer konnten die Personen aus ihrer misslichen Lage befreit werden, w\u00e4hrend der Brandschutz aufgebaut wurde und\u2026","rel":"","context":"In &quot;Blog&quot;","block_context":{"text":"Blog","link":"https:\/\/www.feuerwehr-pettneu.at\/wp\/category\/blog"},"img":{"alt_text":"","src":"https:\/\/i0.wp.com\/www.feuerwehr-pettneu.at\/wp\/wp-content\/uploads\/2023\/06\/monatsuebung_technisch_07062023_012.jpg?resize=350%2C200&ssl=1","width":350,"height":200,"srcset":"https:\/\/i0.wp.com\/www.feuerwehr-pettneu.at\/wp\/wp-content\/uploads\/2023\/06\/monatsuebung_technisch_07062023_012.jpg?resize=350%2C200&ssl=1 1x, https:\/\/i0.wp.com\/www.feuerwehr-pettneu.at\/wp\/wp-content\/uploads\/2023\/06\/monatsuebung_technisch_07062023_012.jpg?resize=525%2C300&ssl=1 1.5x, https:\/\/i0.wp.com\/www.feuerwehr-pettneu.at\/wp\/wp-content\/uploads\/2023\/06\/monatsuebung_technisch_07062023_012.jpg?resize=700%2C400&ssl=1 2x"},"classes":[]},{"id":13474,"url":"https:\/\/www.feuerwehr-pettneu.at\/wp\/vollprobe-von-falch-oskar_29092008","url_meta":{"origin":8746,"position":4},"title":"Vollprobe von Falch Oskar","author":"Paul Nothdurfter","date":"Montag, 29. September 2008","format":false,"excerpt":"\u00dcbungschwerpunkt: Am Montag fand die Vollprobe f\u00fcr den Monat September statt. Das \u00dcbungsobjekt war der Wellnesspark Pettneu. \u00dcbungsannahme war ein Brand mit starker Rauchentwicklung. Die Atemschutztrupps hatten die Aufgabe verletzte Personen zu retten und Gef\u00e4hrliche Stoffe aus dem Geb\u00e4ude zu bringen. Alles wurde erschwert durch den Verdacht auf Austritt von\u2026","rel":"","context":"In &quot;Blog&quot;","block_context":{"text":"Blog","link":"https:\/\/www.feuerwehr-pettneu.at\/wp\/category\/blog"},"img":{"alt_text":"","src":"https:\/\/i0.wp.com\/www.feuerwehr-pettneu.at\/wp\/wp-content\/uploads\/2017\/08\/uebung290908_005.jpg?resize=350%2C200&ssl=1","width":350,"height":200,"srcset":"https:\/\/i0.wp.com\/www.feuerwehr-pettneu.at\/wp\/wp-content\/uploads\/2017\/08\/uebung290908_005.jpg?resize=350%2C200&ssl=1 1x, https:\/\/i0.wp.com\/www.feuerwehr-pettneu.at\/wp\/wp-content\/uploads\/2017\/08\/uebung290908_005.jpg?resize=525%2C300&ssl=1 1.5x, https:\/\/i0.wp.com\/www.feuerwehr-pettneu.at\/wp\/wp-content\/uploads\/2017\/08\/uebung290908_005.jpg?resize=700%2C400&ssl=1 2x"},"classes":[]},{"id":12181,"url":"https:\/\/www.feuerwehr-pettneu.at\/wp\/ats-uebung_22042013","url_meta":{"origin":8746,"position":5},"title":"ATS-\u00dcbung","author":"Paul Nothdurfter","date":"Montag, 22. April 2013","format":false,"excerpt":"Am 22.04.2013 fand eine Atemschutz\u00fcbung mit 2 Trupps im Wellnesspark Stanzertal statt. Es mussten mehrere Personen und Gebinde mit Gef\u00e4hrlichen Stoffen geborgen werden. Eine Gasflasche wurde gek\u00fchlt und danach ins Freie gebracht. \u00a0","rel":"","context":"In &quot;Blog&quot;","block_context":{"text":"Blog","link":"https:\/\/www.feuerwehr-pettneu.at\/wp\/category\/blog"},"img":{"alt_text":"","src":"","width":0,"height":0},"classes":[]}],"_links":{"self":[{"href":"https:\/\/www.feuerwehr-pettneu.at\/wp\/wp-json\/wp\/v2\/posts\/8746","targetHints":{"allow":["GET"]}}],"collection":[{"href":"https:\/\/www.feuerwehr-pettneu.at\/wp\/wp-json\/wp\/v2\/posts"}],"about":[{"href":"https:\/\/www.feuerwehr-pettneu.at\/wp\/wp-json\/wp\/v2\/types\/post"}],"author":[{"embeddable":true,"href":"https:\/\/www.feuerwehr-pettneu.at\/wp\/wp-json\/wp\/v2\/users\/1"}],"replies":[{"embeddable":true,"href":"https:\/\/www.feuerwehr-pettneu.at\/wp\/wp-json\/wp\/v2\/comments?post=8746"}],"version-history":[{"count":0,"href":"https:\/\/www.feuerwehr-pettneu.at\/wp\/wp-json\/wp\/v2\/posts\/8746\/revisions"}],"wp:featuredmedia":[{"embeddable":true,"href":"https:\/\/www.feuerwehr-pettneu.at\/wp\/wp-json\/wp\/v2\/media\/8695"}],"wp:attachment":[{"href":"https:\/\/www.feuerwehr-pettneu.at\/wp\/wp-json\/wp\/v2\/media?parent=8746"}],"wp:term":[{"taxonomy":"category","embeddable":true,"href":"https:\/\/www.feuerwehr-pettneu.at\/wp\/wp-json\/wp\/v2\/categories?post=8746"},{"taxonomy":"post_tag","embeddable":true,"href":"https:\/\/www.feuerwehr-pettneu.at\/wp\/wp-json\/wp\/v2\/tags?post=8746"}],"curies":[{"name":"wp","href":"https:\/\/api.w.org\/{rel}","templated":true}]}}