{"id":28356,"date":"2026-03-02T21:34:04","date_gmt":"2026-03-02T20:34:04","guid":{"rendered":"https:\/\/www.feuerwehr-pettneu.at\/wp\/?p=28356"},"modified":"2026-03-04T22:00:32","modified_gmt":"2026-03-04T21:00:32","slug":"schulungsabend-mit-schwerpunkt-geraetekunde","status":"publish","type":"post","link":"https:\/\/www.feuerwehr-pettneu.at\/wp\/schulungsabend-mit-schwerpunkt-geraetekunde_02032026","title":{"rendered":"Schulungsabend mit Schwerpunkt Ger\u00e4tekunde"},"content":{"rendered":"<p data-start=\"58\" data-end=\"445\">Am Montag, dem 02.03.2026, fand unsere erste Monatsprobe im Jahr 2026 statt. Der Abend wurde als Schulungsabend abgehalten und diente in erster Linie der Auffrischung und Vertiefung unseres Wissens rund um die Ger\u00e4tschaften in unseren Einsatzfahrzeugen. Nach der Begr\u00fc\u00dfung teilten wir die Mannschaft in drei Gruppen auf, sodass alle Stationen intensiv bearbeitet werden konnten.<\/p>\n<p data-start=\"447\" data-end=\"766\">Bei der ersten Station wurde ein Teil der Ger\u00e4tschaften unseres Tankl\u00f6schfahrzeuges (TLF) genau besprochen. Der Schwerpunkt lag dabei auf der Vorstellung unserer neuen Akku-Ger\u00e4tschaften sowie dem neuen Koffer f\u00fcr die T\u00fcr\u00f6ffnung. Neben den technischen Details wurden vor allem die richtige Handhabung, Sicherheitsaspekte und die Lagerungsorte im Fahrzeug erkl\u00e4rt.<\/p>\n<p data-start=\"768\" data-end=\"1101\">Die zweite Station widmete sich dem restlichen Teil der Ger\u00e4tschaften des TLF. Ein besonderer Fokus lag auf der Mithilfe beim Ausr\u00fcsten des Atemschutztrupps. Ebenso wurde die Atemschutz\u00fcberwachung sowie die Kommunikation zwischen \u00dcberwachung und Atemschutztrupp ausf\u00fchrlich behandelt.<\/p>\n<p data-start=\"1103\" data-end=\"1309\">Bei der dritten Station wurden die Ger\u00e4tschaften unseres Kleinl\u00f6schfahrzeuges (KLF) genauestens besprochen. Auch hier stand das Auffrischen der Lagerungsorte sowie der sichere und effiziente Umgang mit den einzelnen Ger\u00e4ten im Mittelpunkt.<\/p>\n<p data-start=\"1311\" data-end=\"1553\">Gerade beim ersten Schulungsabend im Jahr geht es darum, sich wieder intensiv mit den Lagerungsorten und der Bedienung der Ger\u00e4tschaften in unseren Fahrzeugen vertraut zu machen. Dieses Wissen bildet die Grundlage f\u00fcr ein sicheres und rasches Arbeiten im Einsatzfall.<\/p>\n<p data-start=\"1555\" data-end=\"1779\" data-is-last-node=\"\" data-is-only-node=\"\">In diesem Zuge m\u00f6chten wir uns besonders bei Sebi, Andi, Tomi sowie bei allen Beteiligten bedanken, die bei den Umbauarbeiten unseres TLF tatkr\u00e4ftig mitgeholfen haben. Vielen Dank f\u00fcr euren Einsatz und eure Unterst\u00fctzung!<\/p>\n<div class=\"et_pb_slider et_pb_slider_fullwidth_off et_pb_gallery_post_type\">\n\t\t\t\t<div class=\"et_pb_slides\">\n\t\t\t\t\t<div class=\"et_pb_slide\" style=\"background: url(https:\/\/www.feuerwehr-pettneu.at\/wp\/wp-content\/uploads\/2026\/03\/schulungsabend_02032026_001.jpg);\"><\/div><div class=\"et_pb_slide\" style=\"background: url(https:\/\/www.feuerwehr-pettneu.at\/wp\/wp-content\/uploads\/2026\/03\/schulungsabend_02032026_002.jpg);\"><\/div><div class=\"et_pb_slide\" style=\"background: url(https:\/\/www.feuerwehr-pettneu.at\/wp\/wp-content\/uploads\/2026\/03\/schulungsabend_02032026_003.jpg);\"><\/div><div class=\"et_pb_slide\" style=\"background: url(https:\/\/www.feuerwehr-pettneu.at\/wp\/wp-content\/uploads\/2026\/03\/schulungsabend_02032026_004.jpg);\"><\/div><div class=\"et_pb_slide\" style=\"background: url(https:\/\/www.feuerwehr-pettneu.at\/wp\/wp-content\/uploads\/2026\/03\/schulungsabend_02032026_005.jpg);\"><\/div><div class=\"et_pb_slide\" style=\"background: url(https:\/\/www.feuerwehr-pettneu.at\/wp\/wp-content\/uploads\/2026\/03\/schulungsabend_02032026_006.jpg);\"><\/div><div class=\"et_pb_slide\" style=\"background: url(https:\/\/www.feuerwehr-pettneu.at\/wp\/wp-content\/uploads\/2026\/03\/schulungsabend_02032026_007.jpg);\"><\/div><div class=\"et_pb_slide\" style=\"background: url(https:\/\/www.feuerwehr-pettneu.at\/wp\/wp-content\/uploads\/2026\/03\/schulungsabend_02032026_008-1.jpg);\"><\/div><div class=\"et_pb_slide\" style=\"background: url(https:\/\/www.feuerwehr-pettneu.at\/wp\/wp-content\/uploads\/2026\/03\/schulungsabend_02032026_009-1.jpg);\"><\/div>\n\t\t\t\t<\/div>\n\t\t\t<\/div>\n","protected":false},"excerpt":{"rendered":"<p>Am Montag, dem 02.03.2026, fand unsere erste Monatsprobe im Jahr 2026 statt. Der Abend wurde als Schulungsabend abgehalten und diente in erster Linie der Auffrischung und Vertiefung unseres Wissens rund um die Ger\u00e4tschaften in unseren Einsatzfahrzeugen. Nach der Begr\u00fc\u00dfung teilten wir die Mannschaft in drei Gruppen auf, sodass alle Stationen intensiv bearbeitet werden konnten. Bei [&hellip;]<\/p>\n","protected":false},"author":1,"featured_media":28357,"comment_status":"open","ping_status":"open","sticky":false,"template":"","format":"standard","meta":{"_et_pb_use_builder":"","_et_pb_old_content":"","_et_gb_content_width":"","_jetpack_memberships_contains_paid_content":false,"footnotes":"","jetpack_publicize_message":"","jetpack_publicize_feature_enabled":true,"jetpack_social_post_already_shared":true,"jetpack_social_options":{"image_generator_settings":{"template":"highway","default_image_id":0,"font":"","enabled":false},"version":2}},"categories":[1,3],"tags":[],"class_list":["post-28356","post","type-post","status-publish","format-standard","has-post-thumbnail","hentry","category-blog","category-uebungen"],"jetpack_publicize_connections":[],"jetpack_featured_media_url":"https:\/\/www.feuerwehr-pettneu.at\/wp\/wp-content\/uploads\/2026\/03\/schulungsabend_02032026_001.jpg","jetpack_sharing_enabled":true,"jetpack-related-posts":[{"id":23077,"url":"https:\/\/www.feuerwehr-pettneu.at\/wp\/schulungsabend-fahrzeuge-und-geraete_08042022","url_meta":{"origin":28356,"position":0},"title":"Schulungsabend Fahrzeuge und Ger\u00e4te","author":"FF-Pettneu","date":"Freitag, 08. April 2022","format":false,"excerpt":"(eg) Am Montag, den 04.04.2022 und am Freitag, den 08.04. 2022 jeweils um 20:00 Uhr fanden die ersten beiden Monats\u00fcbungen im neuen Jahr statt. Mit 30 anwesenden Mitglieder war der Schulungsabend gut besucht. Der Schulungsabend wurde in folgende Stationen unterteilt: Fahrzeug- und Ger\u00e4teschulung KLF \/ TLF \/ MTF Vorstellung Einsatztablet\u2026","rel":"","context":"In &quot;Blog&quot;","block_context":{"text":"Blog","link":"https:\/\/www.feuerwehr-pettneu.at\/wp\/category\/blog"},"img":{"alt_text":"","src":"https:\/\/i0.wp.com\/www.feuerwehr-pettneu.at\/wp\/wp-content\/uploads\/2022\/04\/schulungsabend_04-08_04_2022_014.jpg?resize=350%2C200&ssl=1","width":350,"height":200,"srcset":"https:\/\/i0.wp.com\/www.feuerwehr-pettneu.at\/wp\/wp-content\/uploads\/2022\/04\/schulungsabend_04-08_04_2022_014.jpg?resize=350%2C200&ssl=1 1x, https:\/\/i0.wp.com\/www.feuerwehr-pettneu.at\/wp\/wp-content\/uploads\/2022\/04\/schulungsabend_04-08_04_2022_014.jpg?resize=525%2C300&ssl=1 1.5x, https:\/\/i0.wp.com\/www.feuerwehr-pettneu.at\/wp\/wp-content\/uploads\/2022\/04\/schulungsabend_04-08_04_2022_014.jpg?resize=700%2C400&ssl=1 2x"},"classes":[]},{"id":24198,"url":"https:\/\/www.feuerwehr-pettneu.at\/wp\/schulungsabend-atemschutz-2_30012023","url_meta":{"origin":28356,"position":1},"title":"Schulungsabend Atemschutz","author":"FF-Pettneu","date":"Montag, 30. Januar 2023","format":false,"excerpt":"Am 30. J\u00e4nner 2023, um 19:30 Uhr wurde ein Atemschutz Schulungsabend durchgef\u00fchrt. Die Mitglieder unterteilten sich in 3 Gruppen. Der Schulungsabend wurde dann im Stationsbetrieb abgehalten. Die erste Station besch\u00e4ftigte sich mit den Inhalten der ATS-Ausr\u00fcstungen und Zubeh\u00f6r in den jeweiligen Einsatzfahrzeugen und wo diese zu finden sind. Es wurde\u2026","rel":"","context":"In &quot;Blog&quot;","block_context":{"text":"Blog","link":"https:\/\/www.feuerwehr-pettneu.at\/wp\/category\/blog"},"img":{"alt_text":"","src":"https:\/\/i0.wp.com\/www.feuerwehr-pettneu.at\/wp\/wp-content\/uploads\/2023\/01\/ats_schulungsabend_30012023_001.jpg?resize=350%2C200&ssl=1","width":350,"height":200,"srcset":"https:\/\/i0.wp.com\/www.feuerwehr-pettneu.at\/wp\/wp-content\/uploads\/2023\/01\/ats_schulungsabend_30012023_001.jpg?resize=350%2C200&ssl=1 1x, https:\/\/i0.wp.com\/www.feuerwehr-pettneu.at\/wp\/wp-content\/uploads\/2023\/01\/ats_schulungsabend_30012023_001.jpg?resize=525%2C300&ssl=1 1.5x, https:\/\/i0.wp.com\/www.feuerwehr-pettneu.at\/wp\/wp-content\/uploads\/2023\/01\/ats_schulungsabend_30012023_001.jpg?resize=700%2C400&ssl=1 2x"},"classes":[]},{"id":12052,"url":"https:\/\/www.feuerwehr-pettneu.at\/wp\/schulungsabend_26012015","url_meta":{"origin":28356,"position":2},"title":"Schulungsabend","author":"Paul Nothdurfter","date":"Montag, 26. Januar 2015","format":false,"excerpt":"Wie jedes Jahr startete die Feuerwehr Pettneu mit einem Schulungsabend ins neue \u00dcbungsjahr. Der Schulungsabend fand am Montag, den 26.01.2015 um 20.00 Uhr statt. Die Ger\u00e4tschaften in den beiden Feuerwehrfahrzeugen wurden durchgegangen und erkl\u00e4rt. Ebenso wurden die Funkger\u00e4te und die im Einsatzfall durchzuf\u00fchrenden Arbeiten in der Florianstation geschult. \u00a0","rel":"","context":"In &quot;Blog&quot;","block_context":{"text":"Blog","link":"https:\/\/www.feuerwehr-pettneu.at\/wp\/category\/blog"},"img":{"alt_text":"","src":"","width":0,"height":0},"classes":[]},{"id":24281,"url":"https:\/\/www.feuerwehr-pettneu.at\/wp\/schulungsabend-8_06032023","url_meta":{"origin":28356,"position":3},"title":"Schulungsabend","author":"FF-Pettneu","date":"Montag, 06. M\u00e4rz 2023","format":false,"excerpt":"Am 06.03.2023, gegen 19:30 Uhr fand eine Fahrzeug- und Ger\u00e4teschulung in der Feuerwehrhalle statt. Im Stationsbetrieb wurden einerseits die Ger\u00e4tschaften, die sich in den jeweiligen Fahrzeugen befinden sowie dessen Funktion erl\u00e4utert. Des Weiteren konnten die vorhandenen Ger\u00e4tschaften die uns beispielsweise f\u00fcr Sicherungsarbeiten, Schachtbergungen, Bergungen im steilen Gel\u00e4nde zu Verf\u00fcgung stehen,\u2026","rel":"","context":"In &quot;Blog&quot;","block_context":{"text":"Blog","link":"https:\/\/www.feuerwehr-pettneu.at\/wp\/category\/blog"},"img":{"alt_text":"","src":"https:\/\/i0.wp.com\/www.feuerwehr-pettneu.at\/wp\/wp-content\/uploads\/2023\/03\/schulungsabend_fzg_06032023_001.jpg?resize=350%2C200&ssl=1","width":350,"height":200,"srcset":"https:\/\/i0.wp.com\/www.feuerwehr-pettneu.at\/wp\/wp-content\/uploads\/2023\/03\/schulungsabend_fzg_06032023_001.jpg?resize=350%2C200&ssl=1 1x, https:\/\/i0.wp.com\/www.feuerwehr-pettneu.at\/wp\/wp-content\/uploads\/2023\/03\/schulungsabend_fzg_06032023_001.jpg?resize=525%2C300&ssl=1 1.5x, https:\/\/i0.wp.com\/www.feuerwehr-pettneu.at\/wp\/wp-content\/uploads\/2023\/03\/schulungsabend_fzg_06032023_001.jpg?resize=700%2C400&ssl=1 2x"},"classes":[]},{"id":12004,"url":"https:\/\/www.feuerwehr-pettneu.at\/wp\/monatsuebung-maerz-fahrzeuge_07032016","url_meta":{"origin":28356,"position":4},"title":"Monats\u00fcbung M\u00e4rz &#8222;Fahrzeuge&#8220;","author":"Paul Nothdurfter","date":"Montag, 07. M\u00e4rz 2016","format":false,"excerpt":"Die Monats\u00fcbung M\u00e4rz fand am 07.03.2016 als Schulungsabend statt. Auf dem Programm stand, die Schulung der Ger\u00e4tschaften und deren Befindlichkeiten in den Fahrzeugen. Hierzu wurden alle Ger\u00e4ter\u00e4ume der Fahrzeuge und die dazugeh\u00f6rigen Ger\u00e4tschaften durchgenommen. Ebenfalls wurde das Notstromaggregat STROMA 40kVA und die zugeh\u00f6rigen Beleuchtungseinheiten erkl\u00e4rt und vorgezeigt. Diese allj\u00e4hrliche Schulung\u2026","rel":"","context":"In &quot;Blog&quot;","block_context":{"text":"Blog","link":"https:\/\/www.feuerwehr-pettneu.at\/wp\/category\/blog"},"img":{"alt_text":"","src":"https:\/\/i0.wp.com\/www.feuerwehr-pettneu.at\/wp\/wp-content\/uploads\/2016\/03\/tlf.jpg?resize=350%2C200&ssl=1","width":350,"height":200,"srcset":"https:\/\/i0.wp.com\/www.feuerwehr-pettneu.at\/wp\/wp-content\/uploads\/2016\/03\/tlf.jpg?resize=350%2C200&ssl=1 1x, https:\/\/i0.wp.com\/www.feuerwehr-pettneu.at\/wp\/wp-content\/uploads\/2016\/03\/tlf.jpg?resize=525%2C300&ssl=1 1.5x, https:\/\/i0.wp.com\/www.feuerwehr-pettneu.at\/wp\/wp-content\/uploads\/2016\/03\/tlf.jpg?resize=700%2C400&ssl=1 2x"},"classes":[]},{"id":12130,"url":"https:\/\/www.feuerwehr-pettneu.at\/wp\/schulungsabend-2_27012014","url_meta":{"origin":28356,"position":5},"title":"Schulungsabend","author":"Paul Nothdurfter","date":"Montag, 27. Januar 2014","format":false,"excerpt":"Am 27.01.2014 fand der erste Schulungsabend im neuen Jahr in der Feuerwehrhalle Pettneu statt. Am Programm stand die Schulung der Ger\u00e4tschaften im TLF sowie im KLF, ein weiterer Schulungspunkt war auch das Funkwesen in der Feuerwehr. Danach wurde das neue Stromaggregat vorgestellt. \u00a0","rel":"","context":"In &quot;Blog&quot;","block_context":{"text":"Blog","link":"https:\/\/www.feuerwehr-pettneu.at\/wp\/category\/blog"},"img":{"alt_text":"","src":"","width":0,"height":0},"classes":[]}],"_links":{"self":[{"href":"https:\/\/www.feuerwehr-pettneu.at\/wp\/wp-json\/wp\/v2\/posts\/28356","targetHints":{"allow":["GET"]}}],"collection":[{"href":"https:\/\/www.feuerwehr-pettneu.at\/wp\/wp-json\/wp\/v2\/posts"}],"about":[{"href":"https:\/\/www.feuerwehr-pettneu.at\/wp\/wp-json\/wp\/v2\/types\/post"}],"author":[{"embeddable":true,"href":"https:\/\/www.feuerwehr-pettneu.at\/wp\/wp-json\/wp\/v2\/users\/1"}],"replies":[{"embeddable":true,"href":"https:\/\/www.feuerwehr-pettneu.at\/wp\/wp-json\/wp\/v2\/comments?post=28356"}],"version-history":[{"count":6,"href":"https:\/\/www.feuerwehr-pettneu.at\/wp\/wp-json\/wp\/v2\/posts\/28356\/revisions"}],"predecessor-version":[{"id":28373,"href":"https:\/\/www.feuerwehr-pettneu.at\/wp\/wp-json\/wp\/v2\/posts\/28356\/revisions\/28373"}],"wp:featuredmedia":[{"embeddable":true,"href":"https:\/\/www.feuerwehr-pettneu.at\/wp\/wp-json\/wp\/v2\/media\/28357"}],"wp:attachment":[{"href":"https:\/\/www.feuerwehr-pettneu.at\/wp\/wp-json\/wp\/v2\/media?parent=28356"}],"wp:term":[{"taxonomy":"category","embeddable":true,"href":"https:\/\/www.feuerwehr-pettneu.at\/wp\/wp-json\/wp\/v2\/categories?post=28356"},{"taxonomy":"post_tag","embeddable":true,"href":"https:\/\/www.feuerwehr-pettneu.at\/wp\/wp-json\/wp\/v2\/tags?post=28356"}],"curies":[{"name":"wp","href":"https:\/\/api.w.org\/{rel}","templated":true}]}}