{"id":23793,"date":"2022-09-12T22:37:32","date_gmt":"2022-09-12T20:37:32","guid":{"rendered":"https:\/\/www.feuerwehr-pettneu.at\/wp\/?p=23793"},"modified":"2022-09-15T22:16:31","modified_gmt":"2022-09-15T20:16:31","slug":"raeumungsuebung-volksschule-pettneu-2","status":"publish","type":"post","link":"https:\/\/www.feuerwehr-pettneu.at\/wp\/raeumungsuebung-volksschule-pettneu-2_12092022","title":{"rendered":"R\u00e4umungs\u00fcbung Volksschule Pettneu"},"content":{"rendered":"<p><strong>Am Montag, den 12.09.2022 fand um 19 Uhr nach zweij\u00e4hriger Corona bedingter Pause die traditionelle R\u00e4umungs\u00fcbung der Volksschule Pettneu mit den Schulkindern und deren Lehrpersonen statt.<\/strong><\/p>\n<p>Eine starke Rauchentwicklung im Stiegenhaus war der Grund weshalb die Kinder und die Lehrpersonen in ihren Klassenzimmern eingeschlossen waren. Nach der Erkundung unsere zwei Atemschutztrupps konnten die Kinder und die Lehrpersonen auf der Nordseite mittels Drehleiter der Feuerwehr St. Anton und auf der S\u00fcdseite \u00fcber Leitern ins Freie gerettet und zum Sammelplatz gebracht werden.<\/p>\n<p>Nat\u00fcrlich durften die Kinder eine Fahrt mit der Drehleiter und einen Ausblick \u00fcber Pettneu genie\u00dfen. Ein herzliches Dankesch\u00f6n an die Kameraden der Feuerwehr St. Anton die uns immer bei dieser \u00dcbung mit der Drehleiter unterst\u00fctzen.<\/p>\n<p>Danke unserem Fotografen K\u00f6ll Daniel von\u00a0<a href=\"http:\/\/www.arlberg-photography.at\/\">Arlberg Photography<\/a>\u00a0f\u00fcr die tollen Bilder.<\/p>\n<p><em><strong>Eingesetze Fahrzeuge\/Mitglieder:<\/strong><\/em><br \/>\nFF \u2013 St. Anton, Drehleiter (3 Mann)<br \/>\nFF \u2013 Pettneu, KLF, TLF, MTF (29 Mann, 2 ATS Trupps)<\/p>\n<div class=\"et_pb_slider et_pb_slider_fullwidth_off et_pb_gallery_post_type\">\n\t\t\t\t<div class=\"et_pb_slides\">\n\t\t\t\t\t<div class=\"et_pb_slide\" style=\"background: url(https:\/\/www.feuerwehr-pettneu.at\/wp\/wp-content\/uploads\/2022\/09\/uebung_volksschule_pettneu_12092022_001.jpg);\"><\/div><div class=\"et_pb_slide\" style=\"background: url(https:\/\/www.feuerwehr-pettneu.at\/wp\/wp-content\/uploads\/2022\/09\/uebung_volksschule_pettneu_12092022_002.jpg);\"><\/div><div class=\"et_pb_slide\" style=\"background: url(https:\/\/www.feuerwehr-pettneu.at\/wp\/wp-content\/uploads\/2022\/09\/uebung_volksschule_pettneu_12092022_003.jpg);\"><\/div><div class=\"et_pb_slide\" style=\"background: url(https:\/\/www.feuerwehr-pettneu.at\/wp\/wp-content\/uploads\/2022\/09\/uebung_volksschule_pettneu_12092022_004.jpg);\"><\/div><div class=\"et_pb_slide\" style=\"background: url(https:\/\/www.feuerwehr-pettneu.at\/wp\/wp-content\/uploads\/2022\/09\/uebung_volksschule_pettneu_12092022_005.jpg);\"><\/div><div class=\"et_pb_slide\" style=\"background: url(https:\/\/www.feuerwehr-pettneu.at\/wp\/wp-content\/uploads\/2022\/09\/uebung_volksschule_pettneu_12092022_006.jpg);\"><\/div><div class=\"et_pb_slide\" style=\"background: url(https:\/\/www.feuerwehr-pettneu.at\/wp\/wp-content\/uploads\/2022\/09\/uebung_volksschule_pettneu_12092022_007.jpg);\"><\/div><div class=\"et_pb_slide\" style=\"background: url(https:\/\/www.feuerwehr-pettneu.at\/wp\/wp-content\/uploads\/2022\/09\/uebung_volksschule_pettneu_12092022_008.jpg);\"><\/div><div class=\"et_pb_slide\" style=\"background: url(https:\/\/www.feuerwehr-pettneu.at\/wp\/wp-content\/uploads\/2022\/09\/uebung_volksschule_pettneu_12092022_009.jpg);\"><\/div><div class=\"et_pb_slide\" style=\"background: url(https:\/\/www.feuerwehr-pettneu.at\/wp\/wp-content\/uploads\/2022\/09\/uebung_volksschule_pettneu_12092022_010.jpg);\"><\/div><div class=\"et_pb_slide\" style=\"background: url(https:\/\/www.feuerwehr-pettneu.at\/wp\/wp-content\/uploads\/2022\/09\/uebung_volksschule_pettneu_12092022_011.jpg);\"><\/div><div class=\"et_pb_slide\" style=\"background: url(https:\/\/www.feuerwehr-pettneu.at\/wp\/wp-content\/uploads\/2022\/09\/uebung_volksschule_pettneu_12092022_012.jpg);\"><\/div><div class=\"et_pb_slide\" style=\"background: url(https:\/\/www.feuerwehr-pettneu.at\/wp\/wp-content\/uploads\/2022\/09\/uebung_volksschule_pettneu_12092022_013.jpg);\"><\/div><div class=\"et_pb_slide\" style=\"background: url(https:\/\/www.feuerwehr-pettneu.at\/wp\/wp-content\/uploads\/2022\/09\/uebung_volksschule_pettneu_12092022_014.jpg);\"><\/div><div class=\"et_pb_slide\" style=\"background: url(https:\/\/www.feuerwehr-pettneu.at\/wp\/wp-content\/uploads\/2022\/09\/uebung_volksschule_pettneu_12092022_015.jpg);\"><\/div><div class=\"et_pb_slide\" style=\"background: url(https:\/\/www.feuerwehr-pettneu.at\/wp\/wp-content\/uploads\/2022\/09\/uebung_volksschule_pettneu_12092022_016.jpg);\"><\/div><div class=\"et_pb_slide\" style=\"background: url(https:\/\/www.feuerwehr-pettneu.at\/wp\/wp-content\/uploads\/2022\/09\/uebung_volksschule_pettneu_12092022_017.jpg);\"><\/div><div class=\"et_pb_slide\" style=\"background: url(https:\/\/www.feuerwehr-pettneu.at\/wp\/wp-content\/uploads\/2022\/09\/uebung_volksschule_pettneu_12092022_018.jpg);\"><\/div><div class=\"et_pb_slide\" style=\"background: url(https:\/\/www.feuerwehr-pettneu.at\/wp\/wp-content\/uploads\/2022\/09\/uebung_volksschule_pettneu_12092022_019.jpg);\"><\/div><div class=\"et_pb_slide\" style=\"background: url(https:\/\/www.feuerwehr-pettneu.at\/wp\/wp-content\/uploads\/2022\/09\/uebung_volksschule_pettneu_12092022_020.jpg);\"><\/div><div class=\"et_pb_slide\" style=\"background: url(https:\/\/www.feuerwehr-pettneu.at\/wp\/wp-content\/uploads\/2022\/09\/uebung_volksschule_pettneu_12092022_021.jpg);\"><\/div><div class=\"et_pb_slide\" style=\"background: url(https:\/\/www.feuerwehr-pettneu.at\/wp\/wp-content\/uploads\/2022\/09\/uebung_volksschule_pettneu_12092022_022.jpg);\"><\/div><div class=\"et_pb_slide\" style=\"background: url(https:\/\/www.feuerwehr-pettneu.at\/wp\/wp-content\/uploads\/2022\/09\/uebung_volksschule_pettneu_12092022_023.jpg);\"><\/div><div class=\"et_pb_slide\" style=\"background: url(https:\/\/www.feuerwehr-pettneu.at\/wp\/wp-content\/uploads\/2022\/09\/uebung_volksschule_pettneu_12092022_024.jpg);\"><\/div><div class=\"et_pb_slide\" style=\"background: url(https:\/\/www.feuerwehr-pettneu.at\/wp\/wp-content\/uploads\/2022\/09\/uebung_volksschule_pettneu_12092022_025.jpg);\"><\/div><div class=\"et_pb_slide\" style=\"background: url(https:\/\/www.feuerwehr-pettneu.at\/wp\/wp-content\/uploads\/2022\/09\/uebung_volksschule_pettneu_12092022_026.jpg);\"><\/div><div class=\"et_pb_slide\" style=\"background: url(https:\/\/www.feuerwehr-pettneu.at\/wp\/wp-content\/uploads\/2022\/09\/uebung_volksschule_pettneu_12092022_027.jpg);\"><\/div><div class=\"et_pb_slide\" style=\"background: url(https:\/\/www.feuerwehr-pettneu.at\/wp\/wp-content\/uploads\/2022\/09\/uebung_volksschule_pettneu_12092022_028.jpg);\"><\/div><div class=\"et_pb_slide\" style=\"background: url(https:\/\/www.feuerwehr-pettneu.at\/wp\/wp-content\/uploads\/2022\/09\/uebung_volksschule_pettneu_12092022_029.jpg);\"><\/div><div class=\"et_pb_slide\" style=\"background: url(https:\/\/www.feuerwehr-pettneu.at\/wp\/wp-content\/uploads\/2022\/09\/uebung_volksschule_pettneu_12092022_030.jpg);\"><\/div><div class=\"et_pb_slide\" style=\"background: url(https:\/\/www.feuerwehr-pettneu.at\/wp\/wp-content\/uploads\/2022\/09\/uebung_volksschule_pettneu_12092022_031.jpg);\"><\/div><div class=\"et_pb_slide\" style=\"background: url(https:\/\/www.feuerwehr-pettneu.at\/wp\/wp-content\/uploads\/2022\/09\/uebung_volksschule_pettneu_12092022_032.jpg);\"><\/div><div class=\"et_pb_slide\" style=\"background: url(https:\/\/www.feuerwehr-pettneu.at\/wp\/wp-content\/uploads\/2022\/09\/uebung_volksschule_pettneu_12092022_033.jpg);\"><\/div><div class=\"et_pb_slide\" style=\"background: url(https:\/\/www.feuerwehr-pettneu.at\/wp\/wp-content\/uploads\/2022\/09\/uebung_volksschule_pettneu_12092022_034.jpg);\"><\/div><div class=\"et_pb_slide\" style=\"background: url(https:\/\/www.feuerwehr-pettneu.at\/wp\/wp-content\/uploads\/2022\/09\/uebung_volksschule_pettneu_12092022_035.jpg);\"><\/div><div class=\"et_pb_slide\" style=\"background: url(https:\/\/www.feuerwehr-pettneu.at\/wp\/wp-content\/uploads\/2022\/09\/uebung_volksschule_pettneu_12092022_036.jpg);\"><\/div><div class=\"et_pb_slide\" style=\"background: url(https:\/\/www.feuerwehr-pettneu.at\/wp\/wp-content\/uploads\/2022\/09\/uebung_volksschule_pettneu_12092022_037.jpg);\"><\/div><div class=\"et_pb_slide\" style=\"background: url(https:\/\/www.feuerwehr-pettneu.at\/wp\/wp-content\/uploads\/2022\/09\/uebung_volksschule_pettneu_12092022_038.jpg);\"><\/div><div class=\"et_pb_slide\" style=\"background: url(https:\/\/www.feuerwehr-pettneu.at\/wp\/wp-content\/uploads\/2022\/09\/uebung_volksschule_pettneu_12092022_039.jpg);\"><\/div><div class=\"et_pb_slide\" style=\"background: url(https:\/\/www.feuerwehr-pettneu.at\/wp\/wp-content\/uploads\/2022\/09\/uebung_volksschule_pettneu_12092022_040.jpg);\"><\/div><div class=\"et_pb_slide\" style=\"background: url(https:\/\/www.feuerwehr-pettneu.at\/wp\/wp-content\/uploads\/2022\/09\/uebung_volksschule_pettneu_12092022_041.jpg);\"><\/div><div class=\"et_pb_slide\" style=\"background: url(https:\/\/www.feuerwehr-pettneu.at\/wp\/wp-content\/uploads\/2022\/09\/uebung_volksschule_pettneu_12092022_042.jpg);\"><\/div>\n\t\t\t\t<\/div>\n\t\t\t<\/div>\n<p>&nbsp;<\/p>\n","protected":false},"excerpt":{"rendered":"<p>Am Montag, den 12.09.2022 fand um 19 Uhr nach zweij\u00e4hriger Corona bedingter Pause die traditionelle R\u00e4umungs\u00fcbung der Volksschule Pettneu mit den Schulkindern und deren Lehrpersonen statt. Eine starke Rauchentwicklung im Stiegenhaus war der Grund weshalb die Kinder und die Lehrpersonen in ihren Klassenzimmern eingeschlossen waren. Nach der Erkundung unsere zwei Atemschutztrupps konnten die Kinder und [&hellip;]<\/p>\n","protected":false},"author":1,"featured_media":23824,"comment_status":"open","ping_status":"open","sticky":false,"template":"","format":"standard","meta":{"_et_pb_use_builder":"","_et_pb_old_content":"","_et_gb_content_width":"","_jetpack_memberships_contains_paid_content":false,"footnotes":"","jetpack_publicize_message":"","jetpack_publicize_feature_enabled":true,"jetpack_social_post_already_shared":true,"jetpack_social_options":{"image_generator_settings":{"template":"highway","default_image_id":0,"font":"","enabled":false},"version":2}},"categories":[1,3],"tags":[],"class_list":["post-23793","post","type-post","status-publish","format-standard","has-post-thumbnail","hentry","category-blog","category-uebungen"],"jetpack_publicize_connections":[],"jetpack_featured_media_url":"https:\/\/www.feuerwehr-pettneu.at\/wp\/wp-content\/uploads\/2022\/09\/uebung_volksschule_pettneu_12092022_029.jpg","jetpack_sharing_enabled":true,"jetpack-related-posts":[{"id":21688,"url":"https:\/\/www.feuerwehr-pettneu.at\/wp\/uebung-volksschule-pettneu-5_02092019","url_meta":{"origin":23793,"position":0},"title":"\u00dcbung Volksschule Pettneu","author":"FF-Pettneu","date":"Montag, 02. September 2019","format":false,"excerpt":"Am Montag, den 02.09.2019 war in der Volksschule Pettneu Schulbeginn angesagt. Schon traditionell wird am ersten Schultag die R\u00e4umungs\u00fcbung um 18:30 Uhr mit den Schulkindern und den Lehrpersonen durchgef\u00fchrt. Durch eine Rauchentwicklung im Stiegenhaus waren die Kinder mit ihren Lehrpersonen in ihren Klassenzimmern eingeschlossen. Nach einer Erkundung durch unsere zwei\u2026","rel":"","context":"In &quot;Blog&quot;","block_context":{"text":"Blog","link":"https:\/\/www.feuerwehr-pettneu.at\/wp\/category\/blog"},"img":{"alt_text":"","src":"https:\/\/i0.wp.com\/www.feuerwehr-pettneu.at\/wp\/wp-content\/uploads\/2019\/09\/monatsuebung_vs_pettneu_02092019_019.jpg?resize=350%2C200&ssl=1","width":350,"height":200,"srcset":"https:\/\/i0.wp.com\/www.feuerwehr-pettneu.at\/wp\/wp-content\/uploads\/2019\/09\/monatsuebung_vs_pettneu_02092019_019.jpg?resize=350%2C200&ssl=1 1x, https:\/\/i0.wp.com\/www.feuerwehr-pettneu.at\/wp\/wp-content\/uploads\/2019\/09\/monatsuebung_vs_pettneu_02092019_019.jpg?resize=525%2C300&ssl=1 1.5x, https:\/\/i0.wp.com\/www.feuerwehr-pettneu.at\/wp\/wp-content\/uploads\/2019\/09\/monatsuebung_vs_pettneu_02092019_019.jpg?resize=700%2C400&ssl=1 2x"},"classes":[]},{"id":20351,"url":"https:\/\/www.feuerwehr-pettneu.at\/wp\/uebung-volksschule-pettneu-4_03092018","url_meta":{"origin":23793,"position":1},"title":"\u00dcbung Volksschule Pettneu","author":"FF-Pettneu","date":"Montag, 03. September 2018","format":false,"excerpt":"Zum Schulanfang am 03.09.2018, fand auch unsere Monats\u00fcbung in der Volksschule Pettneu statt. Wie jedes Jahr wird hier mit allen Volksschulkindern und Lehrer eine R\u00e4umungs\u00fcbung in der Volkschule durchgef\u00fchrt. Unterst\u00fctzung bekamen wir von der Feuerwehr St. Anton mit der Drehleiter, vielen Dank daf\u00fcr. Aufgrund der starken Rauchentwicklung im Hausgang und\u2026","rel":"","context":"In &quot;Blog&quot;","block_context":{"text":"Blog","link":"https:\/\/www.feuerwehr-pettneu.at\/wp\/category\/blog"},"img":{"alt_text":"","src":"https:\/\/i0.wp.com\/www.feuerwehr-pettneu.at\/wp\/wp-content\/uploads\/2018\/09\/monatsuebung_volksschule_03092018_024.jpg?resize=350%2C200&ssl=1","width":350,"height":200,"srcset":"https:\/\/i0.wp.com\/www.feuerwehr-pettneu.at\/wp\/wp-content\/uploads\/2018\/09\/monatsuebung_volksschule_03092018_024.jpg?resize=350%2C200&ssl=1 1x, https:\/\/i0.wp.com\/www.feuerwehr-pettneu.at\/wp\/wp-content\/uploads\/2018\/09\/monatsuebung_volksschule_03092018_024.jpg?resize=525%2C300&ssl=1 1.5x, https:\/\/i0.wp.com\/www.feuerwehr-pettneu.at\/wp\/wp-content\/uploads\/2018\/09\/monatsuebung_volksschule_03092018_024.jpg?resize=700%2C400&ssl=1 2x"},"classes":[]},{"id":26599,"url":"https:\/\/www.feuerwehr-pettneu.at\/wp\/raeumungsuebung-volksschule-pettneu-4_09092024","url_meta":{"origin":23793,"position":2},"title":"R\u00e4umungs\u00fcbung Volksschule Pettneu","author":"FF-Pettneu","date":"Montag, 09. September 2024","format":false,"excerpt":"Auch dieses Jahr am Schulbeginn fand am Montag, 09.09.2024 wieder die R\u00e4umungs\u00fcbung in der Volksschule Pettneu statt. Durch das Absetzen des Notrufes fand die Alarmierung durch die Leitstelle Tirol, mittels Sirenenprobealarm unserer Feuerwehr, sowie der Drehleiter St. Anton statt. \u00dcbungsannahme war eine starke Rauchentwicklung im Hausgang sowie im Stiegenhaus der\u2026","rel":"","context":"In &quot;Blog&quot;","block_context":{"text":"Blog","link":"https:\/\/www.feuerwehr-pettneu.at\/wp\/category\/blog"},"img":{"alt_text":"","src":"https:\/\/i0.wp.com\/www.feuerwehr-pettneu.at\/wp\/wp-content\/uploads\/2024\/09\/uebung_volksschule_09092024_009.jpg?resize=350%2C200&ssl=1","width":350,"height":200,"srcset":"https:\/\/i0.wp.com\/www.feuerwehr-pettneu.at\/wp\/wp-content\/uploads\/2024\/09\/uebung_volksschule_09092024_009.jpg?resize=350%2C200&ssl=1 1x, https:\/\/i0.wp.com\/www.feuerwehr-pettneu.at\/wp\/wp-content\/uploads\/2024\/09\/uebung_volksschule_09092024_009.jpg?resize=525%2C300&ssl=1 1.5x, https:\/\/i0.wp.com\/www.feuerwehr-pettneu.at\/wp\/wp-content\/uploads\/2024\/09\/uebung_volksschule_09092024_009.jpg?resize=700%2C400&ssl=1 2x"},"classes":[]},{"id":25132,"url":"https:\/\/www.feuerwehr-pettneu.at\/wp\/raeumungsuebung-volksschule-pettneu-3_11092023","url_meta":{"origin":23793,"position":3},"title":"R\u00e4umungs\u00fcbung Volksschule Pettneu","author":"FF-Pettneu","date":"Montag, 11. September 2023","format":false,"excerpt":"J\u00e4hrlich zum Schulanfang, fand am 11.09.2023 unsere Monats\u00fcbung in der Volkschule Pettneu mit allen Volkschulkindern und dem Lehrpersonal statt. Zum \u00dcbungsbeginn wurde durch das Lehrpersonal den Volkschulkindern das korrekte Absetzen eines Notrufes an die Leitstelle Tirol und das Verhalten im Brandfall gezeigt. Durch das Absetzen des Notrufes fand die Alarmierung\u2026","rel":"","context":"In &quot;Blog&quot;","block_context":{"text":"Blog","link":"https:\/\/www.feuerwehr-pettneu.at\/wp\/category\/blog"},"img":{"alt_text":"","src":"https:\/\/i0.wp.com\/www.feuerwehr-pettneu.at\/wp\/wp-content\/uploads\/2023\/09\/vollprobe_vs_pettneu_11092023_028.jpg?resize=350%2C200&ssl=1","width":350,"height":200,"srcset":"https:\/\/i0.wp.com\/www.feuerwehr-pettneu.at\/wp\/wp-content\/uploads\/2023\/09\/vollprobe_vs_pettneu_11092023_028.jpg?resize=350%2C200&ssl=1 1x, https:\/\/i0.wp.com\/www.feuerwehr-pettneu.at\/wp\/wp-content\/uploads\/2023\/09\/vollprobe_vs_pettneu_11092023_028.jpg?resize=525%2C300&ssl=1 1.5x, https:\/\/i0.wp.com\/www.feuerwehr-pettneu.at\/wp\/wp-content\/uploads\/2023\/09\/vollprobe_vs_pettneu_11092023_028.jpg?resize=700%2C400&ssl=1 2x"},"classes":[]},{"id":12018,"url":"https:\/\/www.feuerwehr-pettneu.at\/wp\/uebung-volksschule-pettneu-2_09092015","url_meta":{"origin":23793,"position":4},"title":"\u00dcbung Volksschule Pettneu","author":"Paul Nothdurfter","date":"Mittwoch, 09. September 2015","format":false,"excerpt":"Am 09.09.2015 heulten um 18 Uhr in Pettneu die Sirenen. Grund daf\u00fcr war eine \u00dcbung in der Volksschule Pettneu. \u00dcbungsannahme war eine Rauchentwicklung im Stiegenhaus somit waren alle Sch\u00fcler mit ihren Lehrpersonen in den Klassenzimmern eingeschlossen. Unsere Aufgabe war es mit schwerem Atemschutz in die Klassenzimmer zu kommen und mithilfe\u2026","rel":"","context":"In &quot;Blog&quot;","block_context":{"text":"Blog","link":"https:\/\/www.feuerwehr-pettneu.at\/wp\/category\/blog"},"img":{"alt_text":"","src":"https:\/\/i0.wp.com\/www.feuerwehr-pettneu.at\/wp\/wp-content\/uploads\/2017\/08\/uebung_volksschule_09092015_027.jpg?resize=350%2C200&ssl=1","width":350,"height":200,"srcset":"https:\/\/i0.wp.com\/www.feuerwehr-pettneu.at\/wp\/wp-content\/uploads\/2017\/08\/uebung_volksschule_09092015_027.jpg?resize=350%2C200&ssl=1 1x, https:\/\/i0.wp.com\/www.feuerwehr-pettneu.at\/wp\/wp-content\/uploads\/2017\/08\/uebung_volksschule_09092015_027.jpg?resize=525%2C300&ssl=1 1.5x, https:\/\/i0.wp.com\/www.feuerwehr-pettneu.at\/wp\/wp-content\/uploads\/2017\/08\/uebung_volksschule_09092015_027.jpg?resize=700%2C400&ssl=1 2x"},"classes":[]},{"id":13450,"url":"https:\/\/www.feuerwehr-pettneu.at\/wp\/uebung-in-der-volksschule-pettneu_26062009","url_meta":{"origin":23793,"position":5},"title":"\u00dcbung in der Volksschule Pettneu","author":"Paul Nothdurfter","date":"Freitag, 26. Juni 2009","format":false,"excerpt":"Am Freitag war unsere Volksschule der Austragungsort einer \u00dcbung. \u00dcbungsannahme war die verrauchte Volksschule mit Lehrpersonen und Kindern. Die FF-Pettneu f\u00fchrte die Bergung der betroffenen Personen mit der Drehleiter aus St. Anton und einem Atemschutztrupp der FF-Pettneu durch. Bei einem Sammelplatz au\u00dferhalb der Gefahrenzone betrachteten die geretteten Personen die Arbeiten\u2026","rel":"","context":"In &quot;Blog&quot;","block_context":{"text":"Blog","link":"https:\/\/www.feuerwehr-pettneu.at\/wp\/category\/blog"},"img":{"alt_text":"","src":"https:\/\/i0.wp.com\/www.feuerwehr-pettneu.at\/wp\/wp-content\/uploads\/2017\/08\/uebung260609_013.jpg?resize=350%2C200&ssl=1","width":350,"height":200,"srcset":"https:\/\/i0.wp.com\/www.feuerwehr-pettneu.at\/wp\/wp-content\/uploads\/2017\/08\/uebung260609_013.jpg?resize=350%2C200&ssl=1 1x, https:\/\/i0.wp.com\/www.feuerwehr-pettneu.at\/wp\/wp-content\/uploads\/2017\/08\/uebung260609_013.jpg?resize=525%2C300&ssl=1 1.5x, https:\/\/i0.wp.com\/www.feuerwehr-pettneu.at\/wp\/wp-content\/uploads\/2017\/08\/uebung260609_013.jpg?resize=700%2C400&ssl=1 2x"},"classes":[]}],"_links":{"self":[{"href":"https:\/\/www.feuerwehr-pettneu.at\/wp\/wp-json\/wp\/v2\/posts\/23793","targetHints":{"allow":["GET"]}}],"collection":[{"href":"https:\/\/www.feuerwehr-pettneu.at\/wp\/wp-json\/wp\/v2\/posts"}],"about":[{"href":"https:\/\/www.feuerwehr-pettneu.at\/wp\/wp-json\/wp\/v2\/types\/post"}],"author":[{"embeddable":true,"href":"https:\/\/www.feuerwehr-pettneu.at\/wp\/wp-json\/wp\/v2\/users\/1"}],"replies":[{"embeddable":true,"href":"https:\/\/www.feuerwehr-pettneu.at\/wp\/wp-json\/wp\/v2\/comments?post=23793"}],"version-history":[{"count":5,"href":"https:\/\/www.feuerwehr-pettneu.at\/wp\/wp-json\/wp\/v2\/posts\/23793\/revisions"}],"predecessor-version":[{"id":23841,"href":"https:\/\/www.feuerwehr-pettneu.at\/wp\/wp-json\/wp\/v2\/posts\/23793\/revisions\/23841"}],"wp:featuredmedia":[{"embeddable":true,"href":"https:\/\/www.feuerwehr-pettneu.at\/wp\/wp-json\/wp\/v2\/media\/23824"}],"wp:attachment":[{"href":"https:\/\/www.feuerwehr-pettneu.at\/wp\/wp-json\/wp\/v2\/media?parent=23793"}],"wp:term":[{"taxonomy":"category","embeddable":true,"href":"https:\/\/www.feuerwehr-pettneu.at\/wp\/wp-json\/wp\/v2\/categories?post=23793"},{"taxonomy":"post_tag","embeddable":true,"href":"https:\/\/www.feuerwehr-pettneu.at\/wp\/wp-json\/wp\/v2\/tags?post=23793"}],"curies":[{"name":"wp","href":"https:\/\/api.w.org\/{rel}","templated":true}]}}