{"id":22985,"date":"2021-11-06T23:11:13","date_gmt":"2021-11-06T22:11:13","guid":{"rendered":"https:\/\/www.feuerwehr-pettneu.at\/wp\/?p=22985"},"modified":"2021-11-18T07:30:22","modified_gmt":"2021-11-18T06:30:22","slug":"jahreshauptversammlung-2021","status":"publish","type":"post","link":"https:\/\/www.feuerwehr-pettneu.at\/wp\/jahreshauptversammlung-2021_06112021","title":{"rendered":"<br>Jahreshauptversammlung<br><br>2021"},"content":{"rendered":"<p>Die 136. Jahreshauptversammlung der FF-Pettneu wurde am 06.11.2021 durchgef\u00fchrt. Nach einem Jahr Pause konnte diese wieder wie gehabt unter Beachtung der geltenden Covid-Ma\u00dfnahmen durchgef\u00fchrt werden. Neben den anwesenden Mitgliedern waren Bezirksfeuerwehrinspektor Greuter Thomas, Abschnittskommandant Raffeiner Martin sowie Vizeb\u00fcrgermeister Wolf Patrik als Ehreng\u00e4ste bei der Versammlung dabei.<\/p>\n<p>Die vorgetragenen Berichte des Kommandanten und der Beauftragten zeigten das abgelaufene Jahr in Zahlen. Auch zeigten die Berichte, dass wir zeitweise in unserem \u201eTun\u201c eingeschr\u00e4nkt wurden und wenn es m\u00f6glich war, sofort \u00dcbungen, Schulungen, T\u00e4tigkeiten oder z.B. die technische Leistungspr\u00fcfung durchgef\u00fchrt wurden. Von den Ehreng\u00e4sten wurde auch aufgezeigt, dass es vor allem in der letzten Zeit wichtig war die Einsatzbereitschaft aufrecht zu erhalten, was sehr gut funktionierte.<\/p>\n<p>Schiller Moritz konnte angelobt und gleichzeitig zum Feuerwehrmann bef\u00f6rdert werden.<\/p>\n<p>Nachdem im Jahr 2020 keine Versammlung stattgefunden hatte, wurden auch von dort noch Ehrungen und Bef\u00f6rderungen nachgeholt.<\/p>\n<p><strong>Herzliche Gratulation an die Bef\u00f6rderten und Geehrten:<\/strong><\/p>\n<h2 style=\"text-align: center;\"><strong>Bef\u00f6rderungen:<\/strong><\/h2>\n<p><strong>nachgereicht von\u00a02020<\/strong><\/p>\n<ul>\n<li>Oberfeuerwehrmann Gr\u00f6bner Eva<\/li>\n<li>Hauptfeuerwehrmann Gr\u00f6ber Stefan<\/li>\n<li>L\u00f6schmeister Jochum Christian<\/li>\n<li>Hauptfeuerwehrmann Matt Mario<\/li>\n<\/ul>\n<p>&nbsp;<\/p>\n<p><strong>2021<\/strong><\/p>\n<ul>\n<li>Feuerwehrmann Schiller Moritz<\/li>\n<li>Hauptfeuerwehrmann Falch Florian<\/li>\n<li>Hauptfeuerwehrmann\u00a0Spi\u00df\u00a0Johannes<\/li>\n<li>Oberl\u00f6schmeister Jordan Stefan<\/li>\n<li>Oberl\u00f6schmeister Jochum Wilfried<\/li>\n<\/ul>\n<p>&nbsp;<\/p>\n<h2 style=\"text-align: center;\"><strong>Ehrungen:<\/strong><\/h2>\n<p><strong>Nachgereicht von\u00a02020<\/strong><\/p>\n<ul>\n<li>25j\u00e4hrige Mitgliedschaft Kuen Lukas<\/li>\n<li>25j\u00e4hrige Mitgliedschaft Scalet Sebastian<\/li>\n<li>25j\u00e4hrige Mitgliedschaft\u00a0Tschiderer Andreas<\/li>\n<li>40j\u00e4hrige Mitgliedschaft Gr\u00f6ber Christian<\/li>\n<li>40j\u00e4hrige Mitgliedschaft\u00a0Juen Thomas<\/li>\n<li>60j\u00e4hrige Mitgliedschaft\u00a0Lorenz Helmut sen.<\/li>\n<li>Verdienstabzeichen in Bronze Tschiderer Klaus<\/li>\n<li>Verdienstabzeichen in Bronze Jordan Marco<\/li>\n<li>Verdienstabzeichen in Silber Falch Andreas<\/li>\n<li>Verdienstabzeichen in Silber Scalet Sebastian<\/li>\n<\/ul>\n<p>&nbsp;<\/p>\n<p><strong>2021<\/strong><\/p>\n<ul>\n<li>25j\u00e4hrige Mitgliedschaft Scalet Johannes<\/li>\n<li>25j\u00e4hrige Mitgliedschaft\u00a0Spi\u00df\u00a0Rupert<\/li>\n<li>25j\u00e4hrige Mitgliedschaft Wolf Patrik<\/li>\n<li>60j\u00e4hrige Mitgliedschaft Mathies Gerhard<\/li>\n<\/ul>\n<div class=\"et_pb_slider et_pb_slider_fullwidth_off et_pb_gallery_post_type\">\n\t\t\t\t<div class=\"et_pb_slides\">\n\t\t\t\t\t<div class=\"et_pb_slide\" style=\"background: url(https:\/\/www.feuerwehr-pettneu.at\/wp\/wp-content\/uploads\/2021\/11\/jhv_06112021_001.jpg);\"><\/div><div class=\"et_pb_slide\" style=\"background: url(https:\/\/www.feuerwehr-pettneu.at\/wp\/wp-content\/uploads\/2021\/11\/jhv_06112021_002.jpg);\"><\/div><div class=\"et_pb_slide\" style=\"background: url(https:\/\/www.feuerwehr-pettneu.at\/wp\/wp-content\/uploads\/2021\/11\/jhv_06112021_003.jpg);\"><\/div><div class=\"et_pb_slide\" style=\"background: url(https:\/\/www.feuerwehr-pettneu.at\/wp\/wp-content\/uploads\/2021\/11\/jhv_06112021_004.jpg);\"><\/div><div class=\"et_pb_slide\" style=\"background: url(https:\/\/www.feuerwehr-pettneu.at\/wp\/wp-content\/uploads\/2021\/11\/jhv_06112021_005.jpg);\"><\/div><div class=\"et_pb_slide\" style=\"background: url(https:\/\/www.feuerwehr-pettneu.at\/wp\/wp-content\/uploads\/2021\/11\/jhv_06112021_006.jpg);\"><\/div><div class=\"et_pb_slide\" style=\"background: url(https:\/\/www.feuerwehr-pettneu.at\/wp\/wp-content\/uploads\/2021\/11\/jhv_06112021_007.jpg);\"><\/div><div class=\"et_pb_slide\" style=\"background: url(https:\/\/www.feuerwehr-pettneu.at\/wp\/wp-content\/uploads\/2021\/11\/jhv_06112021_008.jpg);\"><\/div><div class=\"et_pb_slide\" style=\"background: url(https:\/\/www.feuerwehr-pettneu.at\/wp\/wp-content\/uploads\/2021\/11\/jhv_06112021_009.jpg);\"><\/div><div class=\"et_pb_slide\" style=\"background: url(https:\/\/www.feuerwehr-pettneu.at\/wp\/wp-content\/uploads\/2021\/11\/jhv_06112021_010.jpg);\"><\/div><div class=\"et_pb_slide\" style=\"background: url(https:\/\/www.feuerwehr-pettneu.at\/wp\/wp-content\/uploads\/2021\/11\/jhv_06112021_011.jpg);\"><\/div><div class=\"et_pb_slide\" style=\"background: url(https:\/\/www.feuerwehr-pettneu.at\/wp\/wp-content\/uploads\/2021\/11\/jhv_06112021_012.jpg);\"><\/div><div class=\"et_pb_slide\" style=\"background: url(https:\/\/www.feuerwehr-pettneu.at\/wp\/wp-content\/uploads\/2021\/11\/jhv_06112021_013.jpg);\"><\/div><div class=\"et_pb_slide\" style=\"background: url(https:\/\/www.feuerwehr-pettneu.at\/wp\/wp-content\/uploads\/2021\/11\/jhv_06112021_014.jpg);\"><\/div><div class=\"et_pb_slide\" style=\"background: url(https:\/\/www.feuerwehr-pettneu.at\/wp\/wp-content\/uploads\/2021\/11\/jhv_06112021_015.jpg);\"><\/div><div class=\"et_pb_slide\" style=\"background: url(https:\/\/www.feuerwehr-pettneu.at\/wp\/wp-content\/uploads\/2021\/11\/jhv_06112021_016.jpg);\"><\/div><div class=\"et_pb_slide\" style=\"background: url(https:\/\/www.feuerwehr-pettneu.at\/wp\/wp-content\/uploads\/2021\/11\/jhv_06112021_017.jpg);\"><\/div><div class=\"et_pb_slide\" style=\"background: url(https:\/\/www.feuerwehr-pettneu.at\/wp\/wp-content\/uploads\/2021\/11\/jhv_06112021_018.jpg);\"><\/div><div class=\"et_pb_slide\" style=\"background: url(https:\/\/www.feuerwehr-pettneu.at\/wp\/wp-content\/uploads\/2021\/11\/jhv_06112021_019.jpg);\"><\/div><div class=\"et_pb_slide\" style=\"background: url(https:\/\/www.feuerwehr-pettneu.at\/wp\/wp-content\/uploads\/2021\/11\/jhv_06112021_020.jpg);\"><\/div><div class=\"et_pb_slide\" style=\"background: url(https:\/\/www.feuerwehr-pettneu.at\/wp\/wp-content\/uploads\/2021\/11\/jhv_06112021_021-1.jpg);\"><\/div><div class=\"et_pb_slide\" style=\"background: url(https:\/\/www.feuerwehr-pettneu.at\/wp\/wp-content\/uploads\/2021\/11\/jhv_06112021_022.jpg);\"><\/div><div class=\"et_pb_slide\" style=\"background: url(https:\/\/www.feuerwehr-pettneu.at\/wp\/wp-content\/uploads\/2021\/11\/jhv_06112021_023.jpg);\"><\/div>\n\t\t\t\t<\/div>\n\t\t\t<\/div>\n","protected":false},"excerpt":{"rendered":"<p>Die 136. Jahreshauptversammlung der FF-Pettneu wurde am 06.11.2021 durchgef\u00fchrt. Nach einem Jahr Pause konnte diese wieder wie gehabt unter Beachtung der geltenden Covid-Ma\u00dfnahmen durchgef\u00fchrt werden. Neben den anwesenden Mitgliedern waren Bezirksfeuerwehrinspektor Greuter Thomas, Abschnittskommandant Raffeiner Martin sowie Vizeb\u00fcrgermeister Wolf Patrik als Ehreng\u00e4ste bei der Versammlung dabei. Die vorgetragenen Berichte des Kommandanten und der Beauftragten zeigten [&hellip;]<\/p>\n","protected":false},"author":1,"featured_media":23010,"comment_status":"open","ping_status":"open","sticky":false,"template":"","format":"standard","meta":{"_et_pb_use_builder":"","_et_pb_old_content":"","_et_gb_content_width":"","_jetpack_memberships_contains_paid_content":false,"footnotes":"","jetpack_publicize_message":"","jetpack_publicize_feature_enabled":true,"jetpack_social_post_already_shared":true,"jetpack_social_options":{"image_generator_settings":{"template":"highway","default_image_id":0,"font":"","enabled":false},"version":2}},"categories":[1,5],"tags":[],"class_list":["post-22985","post","type-post","status-publish","format-standard","has-post-thumbnail","hentry","category-blog","category-taetigkeiten"],"jetpack_publicize_connections":[],"jetpack_featured_media_url":"https:\/\/www.feuerwehr-pettneu.at\/wp\/wp-content\/uploads\/2021\/11\/jhv_06112021_021-1.jpg","jetpack_sharing_enabled":true,"jetpack-related-posts":[{"id":8889,"url":"https:\/\/www.feuerwehr-pettneu.at\/wp\/jahreshauptversammlung_05112016","url_meta":{"origin":22985,"position":0},"title":"Jahreshauptversammlung","author":"FF-Pettneu","date":"Samstag, 05. November 2016","format":false,"excerpt":"Die 131. Jahreshauptversammlung wurde von der Feuerwehr Pettneu am 05.11.2016 durchgef\u00fchrt. Als Ehreng\u00e4ste waren unser Ehrenmitglied Lampacher Heini, Bezirksfeuerwehrinspektor Greuter Thomas, B\u00fcrgermeister Matt Manfred und Vizeb\u00fcrgermeister Wolf Patrick anwesend. Nach der Begr\u00fc\u00dfung und Beginn durch den Kommandanten wurde der Jahresbericht und die Berichte der Beauftragten vorgetragen. Die Feuerwehr kann auf\u2026","rel":"","context":"In &quot;Blog&quot;","block_context":{"text":"Blog","link":"https:\/\/www.feuerwehr-pettneu.at\/wp\/category\/blog"},"img":{"alt_text":"","src":"https:\/\/i0.wp.com\/www.feuerwehr-pettneu.at\/wp\/wp-content\/uploads\/2017\/08\/jhv_05112016_012.jpg?resize=350%2C200&ssl=1","width":350,"height":200,"srcset":"https:\/\/i0.wp.com\/www.feuerwehr-pettneu.at\/wp\/wp-content\/uploads\/2017\/08\/jhv_05112016_012.jpg?resize=350%2C200&ssl=1 1x, https:\/\/i0.wp.com\/www.feuerwehr-pettneu.at\/wp\/wp-content\/uploads\/2017\/08\/jhv_05112016_012.jpg?resize=525%2C300&ssl=1 1.5x, https:\/\/i0.wp.com\/www.feuerwehr-pettneu.at\/wp\/wp-content\/uploads\/2017\/08\/jhv_05112016_012.jpg?resize=700%2C400&ssl=1 2x"},"classes":[]},{"id":11789,"url":"https:\/\/www.feuerwehr-pettneu.at\/wp\/jahreshauptversammlung-5_05112011","url_meta":{"origin":22985,"position":1},"title":"Jahreshauptversammlung","author":"Paul Nothdurfter","date":"Samstag, 05. November 2011","format":false,"excerpt":"Die 126. Jahreshauptversammlung der F.F. Pettneu fand am Samstag den 5.11.2011 im Schulungsraum statt. Unser Kommandant Christian Starjakob gab wieder vor den anwesenden Ehreng\u00e4ste Bezirkskommandant Christoph Mair, Abschnittskommandant Hermann Wolf, B\u00fcrgermeister Manfred Matt und Ehrenkommandant und Ehrenmitglied Heinrich Lampacher einen eindrucksvollen Jahresbericht ab. Im Berichtsjahr wurden von der Feuerwehr Pettneu\u2026","rel":"","context":"In &quot;Blog&quot;","block_context":{"text":"Blog","link":"https:\/\/www.feuerwehr-pettneu.at\/wp\/category\/blog"},"img":{"alt_text":"","src":"https:\/\/i0.wp.com\/www.feuerwehr-pettneu.at\/wp\/wp-content\/uploads\/2017\/08\/jhv2011_011.jpg?resize=350%2C200&ssl=1","width":350,"height":200,"srcset":"https:\/\/i0.wp.com\/www.feuerwehr-pettneu.at\/wp\/wp-content\/uploads\/2017\/08\/jhv2011_011.jpg?resize=350%2C200&ssl=1 1x, https:\/\/i0.wp.com\/www.feuerwehr-pettneu.at\/wp\/wp-content\/uploads\/2017\/08\/jhv2011_011.jpg?resize=525%2C300&ssl=1 1.5x, https:\/\/i0.wp.com\/www.feuerwehr-pettneu.at\/wp\/wp-content\/uploads\/2017\/08\/jhv2011_011.jpg?resize=700%2C400&ssl=1 2x"},"classes":[]},{"id":11930,"url":"https:\/\/www.feuerwehr-pettneu.at\/wp\/jahreshauptversammlung-6_08112008","url_meta":{"origin":22985,"position":2},"title":"Jahreshauptversammlung","author":"Paul Nothdurfter","date":"Samstag, 08. November 2008","format":false,"excerpt":"Am Samstag den 8.11.08 hielten wir unsere 123. Jahreshauptversammlung ab. Unser Kommandant konnte als Ehreng\u00e4ste den Bezirkskdt. Christoph Mayer, Abschnittskdt. Hermann Wolf, B\u00fcrgermeisterstellv. Benno Falch, Ehrenmitglied Heini Lampacher und \u00fcber 40 Feuerwehrkameraden sowie unsere Jungfeuerwehrm\u00e4nner begr\u00fcssen. Auch Bez.Kdt. Christoph Mayer und Gemeindevertreter Benno Falch zeigten sich vom Jahresbericht unseres Kommandanten\u2026","rel":"","context":"In &quot;Blog&quot;","block_context":{"text":"Blog","link":"https:\/\/www.feuerwehr-pettneu.at\/wp\/category\/blog"},"img":{"alt_text":"","src":"https:\/\/i0.wp.com\/www.feuerwehr-pettneu.at\/wp\/wp-content\/uploads\/2017\/08\/jhv08_013.jpg?resize=350%2C200&ssl=1","width":350,"height":200,"srcset":"https:\/\/i0.wp.com\/www.feuerwehr-pettneu.at\/wp\/wp-content\/uploads\/2017\/08\/jhv08_013.jpg?resize=350%2C200&ssl=1 1x, https:\/\/i0.wp.com\/www.feuerwehr-pettneu.at\/wp\/wp-content\/uploads\/2017\/08\/jhv08_013.jpg?resize=525%2C300&ssl=1 1.5x, https:\/\/i0.wp.com\/www.feuerwehr-pettneu.at\/wp\/wp-content\/uploads\/2017\/08\/jhv08_013.jpg?resize=700%2C400&ssl=1 2x"},"classes":[]},{"id":11719,"url":"https:\/\/www.feuerwehr-pettneu.at\/wp\/jahreshauptversammlung-2013_16112013","url_meta":{"origin":22985,"position":3},"title":"Jahreshauptversammlung","author":"Paul Nothdurfter","date":"Samstag, 16. November 2013","format":false,"excerpt":"Am Samstag den 16.11.2013 fand die 128. Jahreshauptversammlung der Feuerwehr Pettneu statt. Den anwesenden Ehreng\u00e4sten und Feuerwehrmitgliedern, wurde von unserem Kommandanten und seinen Beauftragten ein eindrucksvoller Jahresbericht vorgetragen. Im vergangenen Jahr hatte die Feuerwehr Pettneu 22 Eins\u00e4tze, 74 \u00dcbungen und Schulungen, 32 Lehrgangsbesuche, 15 Absperrdienste und 8 Teilnahmen an Bewerben\u2026","rel":"","context":"In &quot;Blog&quot;","block_context":{"text":"Blog","link":"https:\/\/www.feuerwehr-pettneu.at\/wp\/category\/blog"},"img":{"alt_text":"","src":"https:\/\/i0.wp.com\/www.feuerwehr-pettneu.at\/wp\/wp-content\/uploads\/2017\/08\/jhv_161113_019.jpg?resize=350%2C200&ssl=1","width":350,"height":200,"srcset":"https:\/\/i0.wp.com\/www.feuerwehr-pettneu.at\/wp\/wp-content\/uploads\/2017\/08\/jhv_161113_019.jpg?resize=350%2C200&ssl=1 1x, https:\/\/i0.wp.com\/www.feuerwehr-pettneu.at\/wp\/wp-content\/uploads\/2017\/08\/jhv_161113_019.jpg?resize=525%2C300&ssl=1 1.5x"},"classes":[]},{"id":20719,"url":"https:\/\/www.feuerwehr-pettneu.at\/wp\/jahreshauptversammlung-2018_03112018","url_meta":{"origin":22985,"position":4},"title":"Jahreshauptversammlung 2018","author":"FF-Pettneu","date":"Samstag, 03. November 2018","format":false,"excerpt":"Am Samstag den 3.11.18 wurde die 133. Jahreshauptversammlung der Freiwilligen Feuerwehr Pettneu durchgef\u00fchrt. Als Ehreng\u00e4ste waren der Bezirkskommandat Stv. Hubert Senn und Abschnittskommandant Martin Raffeiner zu uns nach Pettneu gekommen. Die Gemeinde Pettneu wurde vom Gemeindevorstand Falch Bruno vertreten. Der Bericht unseres Kommandanten war wieder mehr als umfangreich. Als besondere\u2026","rel":"","context":"In &quot;Blog&quot;","block_context":{"text":"Blog","link":"https:\/\/www.feuerwehr-pettneu.at\/wp\/category\/blog"},"img":{"alt_text":"","src":"https:\/\/i0.wp.com\/www.feuerwehr-pettneu.at\/wp\/wp-content\/uploads\/2018\/11\/jhv_03112018_008.jpg?resize=350%2C200&ssl=1","width":350,"height":200,"srcset":"https:\/\/i0.wp.com\/www.feuerwehr-pettneu.at\/wp\/wp-content\/uploads\/2018\/11\/jhv_03112018_008.jpg?resize=350%2C200&ssl=1 1x, https:\/\/i0.wp.com\/www.feuerwehr-pettneu.at\/wp\/wp-content\/uploads\/2018\/11\/jhv_03112018_008.jpg?resize=525%2C300&ssl=1 1.5x, https:\/\/i0.wp.com\/www.feuerwehr-pettneu.at\/wp\/wp-content\/uploads\/2018\/11\/jhv_03112018_008.jpg?resize=700%2C400&ssl=1 2x"},"classes":[]},{"id":11956,"url":"https:\/\/www.feuerwehr-pettneu.at\/wp\/segnung-mtf-a-fahrzeug_04052008","url_meta":{"origin":22985,"position":5},"title":"Segnung MTF-A Fahrzeug","author":"Paul Nothdurfter","date":"Sonntag, 04. Mai 2008","format":false,"excerpt":"In einem feierlichen Festakt konnte am Sonntag den 4.5. bei der Florianifeier auch die Segnung des neuen MTF-A Mannschaftstransportfahrzeuges durchgef\u00fchrt werden. Das Fahrzeug wurde aus der Kameradschaftskasse finanziert und war schon seit l\u00e4ngerem ein gro\u00dfes Ziel der F.F. Pettneu auf das seit mehreren Jahren hingearbeitet wurde. Nun konnte es mit\u2026","rel":"","context":"In &quot;Blog&quot;","block_context":{"text":"Blog","link":"https:\/\/www.feuerwehr-pettneu.at\/wp\/category\/blog"},"img":{"alt_text":"","src":"https:\/\/i0.wp.com\/www.feuerwehr-pettneu.at\/wp\/wp-content\/uploads\/2008\/05\/mtf_einweihung_04052008_030.jpg?resize=350%2C200&ssl=1","width":350,"height":200,"srcset":"https:\/\/i0.wp.com\/www.feuerwehr-pettneu.at\/wp\/wp-content\/uploads\/2008\/05\/mtf_einweihung_04052008_030.jpg?resize=350%2C200&ssl=1 1x, https:\/\/i0.wp.com\/www.feuerwehr-pettneu.at\/wp\/wp-content\/uploads\/2008\/05\/mtf_einweihung_04052008_030.jpg?resize=525%2C300&ssl=1 1.5x, https:\/\/i0.wp.com\/www.feuerwehr-pettneu.at\/wp\/wp-content\/uploads\/2008\/05\/mtf_einweihung_04052008_030.jpg?resize=700%2C400&ssl=1 2x"},"classes":[]}],"_links":{"self":[{"href":"https:\/\/www.feuerwehr-pettneu.at\/wp\/wp-json\/wp\/v2\/posts\/22985","targetHints":{"allow":["GET"]}}],"collection":[{"href":"https:\/\/www.feuerwehr-pettneu.at\/wp\/wp-json\/wp\/v2\/posts"}],"about":[{"href":"https:\/\/www.feuerwehr-pettneu.at\/wp\/wp-json\/wp\/v2\/types\/post"}],"author":[{"embeddable":true,"href":"https:\/\/www.feuerwehr-pettneu.at\/wp\/wp-json\/wp\/v2\/users\/1"}],"replies":[{"embeddable":true,"href":"https:\/\/www.feuerwehr-pettneu.at\/wp\/wp-json\/wp\/v2\/comments?post=22985"}],"version-history":[{"count":5,"href":"https:\/\/www.feuerwehr-pettneu.at\/wp\/wp-json\/wp\/v2\/posts\/22985\/revisions"}],"predecessor-version":[{"id":23014,"href":"https:\/\/www.feuerwehr-pettneu.at\/wp\/wp-json\/wp\/v2\/posts\/22985\/revisions\/23014"}],"wp:featuredmedia":[{"embeddable":true,"href":"https:\/\/www.feuerwehr-pettneu.at\/wp\/wp-json\/wp\/v2\/media\/23010"}],"wp:attachment":[{"href":"https:\/\/www.feuerwehr-pettneu.at\/wp\/wp-json\/wp\/v2\/media?parent=22985"}],"wp:term":[{"taxonomy":"category","embeddable":true,"href":"https:\/\/www.feuerwehr-pettneu.at\/wp\/wp-json\/wp\/v2\/categories?post=22985"},{"taxonomy":"post_tag","embeddable":true,"href":"https:\/\/www.feuerwehr-pettneu.at\/wp\/wp-json\/wp\/v2\/tags?post=22985"}],"curies":[{"name":"wp","href":"https:\/\/api.w.org\/{rel}","templated":true}]}}