{"id":13454,"date":"2009-05-20T20:56:45","date_gmt":"2009-05-20T18:56:45","guid":{"rendered":"http:\/\/www.feuerwehr-pettneu.at\/wp\/?p=13454"},"modified":"2017-10-06T19:19:11","modified_gmt":"2017-10-06T17:19:11","slug":"schulung-technischer-geraete","status":"publish","type":"post","link":"https:\/\/www.feuerwehr-pettneu.at\/wp\/schulung-technischer-geraete_20052009","title":{"rendered":"Schulung Technischer Ger\u00e4te"},"content":{"rendered":"<p>Bei der Vollprobe am 20.5.09 wurden speziell die technischen Bergeger\u00e4te geschult. Am ersten Fahrzeug wurde mit den hydraulischen Rettungsger\u00e4ten (Bergeschere, Spreizer, Pedalschneider und Stempel) gearbeitet.<br \/>\nAm zweiten Fahrzeug wurde das Hebekissen zum Einsatz gebracht.<\/p>\n<div class=\"et_pb_slider et_pb_slider_fullwidth_off et_pb_gallery_post_type\">\n\t\t\t\t<div class=\"et_pb_slides\">\n\t\t\t\t\t<div class=\"et_pb_slide\" style=\"background: url(https:\/\/www.feuerwehr-pettneu.at\/wp\/wp-content\/uploads\/2017\/08\/uebung_001_200509.jpg);\"><\/div><div class=\"et_pb_slide\" style=\"background: url(https:\/\/www.feuerwehr-pettneu.at\/wp\/wp-content\/uploads\/2017\/08\/uebung_002_200509.jpg);\"><\/div><div class=\"et_pb_slide\" style=\"background: url(https:\/\/www.feuerwehr-pettneu.at\/wp\/wp-content\/uploads\/2017\/08\/uebung_003_200509.jpg);\"><\/div><div class=\"et_pb_slide\" style=\"background: url(https:\/\/www.feuerwehr-pettneu.at\/wp\/wp-content\/uploads\/2017\/08\/uebung_004_200509.jpg);\"><\/div><div class=\"et_pb_slide\" style=\"background: url(https:\/\/www.feuerwehr-pettneu.at\/wp\/wp-content\/uploads\/2017\/08\/uebung_005_200509.jpg);\"><\/div><div class=\"et_pb_slide\" style=\"background: url(https:\/\/www.feuerwehr-pettneu.at\/wp\/wp-content\/uploads\/2017\/08\/uebung_006_200509.jpg);\"><\/div><div class=\"et_pb_slide\" style=\"background: url(https:\/\/www.feuerwehr-pettneu.at\/wp\/wp-content\/uploads\/2017\/08\/uebung_007_200509.jpg);\"><\/div><div class=\"et_pb_slide\" style=\"background: url(https:\/\/www.feuerwehr-pettneu.at\/wp\/wp-content\/uploads\/2017\/08\/uebung_008_200509.jpg);\"><\/div>\n\t\t\t\t<\/div>\n\t\t\t<\/div>\n","protected":false},"excerpt":{"rendered":"<p>Bei der Vollprobe am 20.5.09 wurden speziell die technischen Bergeger\u00e4te geschult. Am ersten Fahrzeug wurde mit den hydraulischen Rettungsger\u00e4ten (Bergeschere, Spreizer, Pedalschneider und Stempel) gearbeitet. Am zweiten Fahrzeug wurde das Hebekissen zum Einsatz gebracht.<\/p>\n","protected":false},"author":3,"featured_media":15922,"comment_status":"open","ping_status":"open","sticky":false,"template":"","format":"standard","meta":{"_et_pb_use_builder":"","_et_pb_old_content":"","_et_gb_content_width":"","_jetpack_memberships_contains_paid_content":false,"footnotes":"","jetpack_publicize_message":"","jetpack_publicize_feature_enabled":true,"jetpack_social_post_already_shared":true,"jetpack_social_options":{"image_generator_settings":{"template":"highway","default_image_id":0,"font":"","enabled":false},"version":2}},"categories":[1,3],"tags":[],"class_list":["post-13454","post","type-post","status-publish","format-standard","has-post-thumbnail","hentry","category-blog","category-uebungen"],"jetpack_publicize_connections":[],"jetpack_featured_media_url":"https:\/\/www.feuerwehr-pettneu.at\/wp\/wp-content\/uploads\/2017\/08\/uebung_006_200509.jpg","jetpack_sharing_enabled":true,"jetpack-related-posts":[{"id":12108,"url":"https:\/\/www.feuerwehr-pettneu.at\/wp\/vollprobe-technisch-3_07052014","url_meta":{"origin":13454,"position":0},"title":"Vollprobe Technisch","author":"Paul Nothdurfter","date":"Mittwoch, 07. Mai 2014","format":false,"excerpt":"Am Mittwoch, den 07.05.2014 fand eine technische Vollprobe statt. \u00dcbungsannahme war ein Verkehrsunfall mit zwei beteiligten Fahrzeugen in welchen jeweils eine eingeklemmte und verletzte Person war. Mit Hilfe des hydraulischen Rettungsger\u00e4tes wurden die Personen aus den Fahrzeugen geborgen. Im Anschluss an diese \u00dcbung wurden die Unfallfahrzeuge noch angez\u00fcndet und nochmals\u2026","rel":"","context":"In &quot;Blog&quot;","block_context":{"text":"Blog","link":"https:\/\/www.feuerwehr-pettneu.at\/wp\/category\/blog"},"img":{"alt_text":"","src":"https:\/\/i0.wp.com\/www.feuerwehr-pettneu.at\/wp\/wp-content\/uploads\/2017\/08\/vollprobe_technisch_07052014_006.jpg?resize=350%2C200&ssl=1","width":350,"height":200,"srcset":"https:\/\/i0.wp.com\/www.feuerwehr-pettneu.at\/wp\/wp-content\/uploads\/2017\/08\/vollprobe_technisch_07052014_006.jpg?resize=350%2C200&ssl=1 1x, https:\/\/i0.wp.com\/www.feuerwehr-pettneu.at\/wp\/wp-content\/uploads\/2017\/08\/vollprobe_technisch_07052014_006.jpg?resize=525%2C300&ssl=1 1.5x"},"classes":[]},{"id":12192,"url":"https:\/\/www.feuerwehr-pettneu.at\/wp\/technische-uebung_13102012","url_meta":{"origin":13454,"position":1},"title":"Technische \u00dcbung","author":"Paul Nothdurfter","date":"Samstag, 13. Oktober 2012","format":false,"excerpt":"Am 13.10.2012 fand eine Technische \u00dcbung mit der Bergrettung Pettneu im Malfon statt. \u00dcbungsannahme war ein PKW Unfall mit verletzten und eingeklemmten Personen. Ein Fahrzeug kam noch auf der Strasse zum liegen, das andere st\u00fcrzte rund 25 m \u00fcber steiles Gel\u00e4nde Richtung Malfonbach. Zuerst wurden aus dem Fahrzeug das auf\u2026","rel":"","context":"In &quot;Blog&quot;","block_context":{"text":"Blog","link":"https:\/\/www.feuerwehr-pettneu.at\/wp\/category\/blog"},"img":{"alt_text":"","src":"https:\/\/i0.wp.com\/www.feuerwehr-pettneu.at\/wp\/wp-content\/uploads\/2017\/08\/technische_uebung_13102012_014.jpg?resize=350%2C200&ssl=1","width":350,"height":200,"srcset":"https:\/\/i0.wp.com\/www.feuerwehr-pettneu.at\/wp\/wp-content\/uploads\/2017\/08\/technische_uebung_13102012_014.jpg?resize=350%2C200&ssl=1 1x, https:\/\/i0.wp.com\/www.feuerwehr-pettneu.at\/wp\/wp-content\/uploads\/2017\/08\/technische_uebung_13102012_014.jpg?resize=525%2C300&ssl=1 1.5x"},"classes":[]},{"id":13436,"url":"https:\/\/www.feuerwehr-pettneu.at\/wp\/technische-uebung-6_24102009","url_meta":{"origin":13454,"position":2},"title":"Technische \u00dcbung","author":"Paul Nothdurfter","date":"Samstag, 24. Oktober 2009","format":false,"excerpt":"Am Samstag den 24.10.2009 wurde eine technische \u00dcbung abgehalten. Die \u00dcbung wurde von Falch Andreas und Scalet Sebastian organisiert. \u00dcbungsannahme war ein Verkehrsunfall mit 3 Fahrzeugen im Gridlonbecken. Beim Eintreffen der Feuerwehr und der Rettung stand ein Auto bereits in Vollbrand, in den anderen zwei Fahrzeugen befanden sich drei verletzte\u2026","rel":"","context":"In &quot;Blog&quot;","block_context":{"text":"Blog","link":"https:\/\/www.feuerwehr-pettneu.at\/wp\/category\/blog"},"img":{"alt_text":"","src":"https:\/\/i0.wp.com\/www.feuerwehr-pettneu.at\/wp\/wp-content\/uploads\/2017\/08\/uebung241009_001.jpg?resize=350%2C200&ssl=1","width":350,"height":200,"srcset":"https:\/\/i0.wp.com\/www.feuerwehr-pettneu.at\/wp\/wp-content\/uploads\/2017\/08\/uebung241009_001.jpg?resize=350%2C200&ssl=1 1x, https:\/\/i0.wp.com\/www.feuerwehr-pettneu.at\/wp\/wp-content\/uploads\/2017\/08\/uebung241009_001.jpg?resize=525%2C300&ssl=1 1.5x, https:\/\/i0.wp.com\/www.feuerwehr-pettneu.at\/wp\/wp-content\/uploads\/2017\/08\/uebung241009_001.jpg?resize=700%2C400&ssl=1 2x"},"classes":[]},{"id":13372,"url":"https:\/\/www.feuerwehr-pettneu.at\/wp\/technische-gruppenprobe-4_04042011","url_meta":{"origin":13454,"position":3},"title":"Technische Gruppenprobe","author":"Paul Nothdurfter","date":"Montag, 04. April 2011","format":false,"excerpt":"\u201e\u00dcbung macht den Meister\u201c Unter diesem Motto stand am Montag den 04.04.2011 die erste Gruppenprobe in diesem Jahr. Geschult wurden Ger\u00e4te die f\u00fcr den technischen Einsatz ben\u00f6tigt werden. Scalet Sebastian zeigt den Kameraden wie der Greifzug und das dazu ben\u00f6tigte Equipment richtig im Einsatz verwendet wird. Das Hydraulische Rettungsger\u00e4t und\u2026","rel":"","context":"In &quot;Blog&quot;","block_context":{"text":"Blog","link":"https:\/\/www.feuerwehr-pettneu.at\/wp\/category\/blog"},"img":{"alt_text":"","src":"https:\/\/i0.wp.com\/www.feuerwehr-pettneu.at\/wp\/wp-content\/uploads\/2017\/08\/schulungsabend_technisch040411_017.jpg?resize=350%2C200&ssl=1","width":350,"height":200,"srcset":"https:\/\/i0.wp.com\/www.feuerwehr-pettneu.at\/wp\/wp-content\/uploads\/2017\/08\/schulungsabend_technisch040411_017.jpg?resize=350%2C200&ssl=1 1x, https:\/\/i0.wp.com\/www.feuerwehr-pettneu.at\/wp\/wp-content\/uploads\/2017\/08\/schulungsabend_technisch040411_017.jpg?resize=525%2C300&ssl=1 1.5x"},"classes":[]},{"id":13194,"url":"https:\/\/www.feuerwehr-pettneu.at\/wp\/technische-uebung-2_22102011","url_meta":{"origin":13454,"position":4},"title":"Technische \u00dcbung","author":"Paul Nothdurfter","date":"Samstag, 22. Oktober 2011","format":false,"excerpt":"\"Schwerer Verkehrsunfall mit einem brennendem Fahrzeug\u201c lautete am Samstag, 22.10.2011 um 14:00 Uhr die \u00dcbungsalarmierung f\u00fcr die Feuerwehr Pettneu! Beim Eintreffen an der Einsatzstelle stellte sich folgende Situation dar! Zwei Pkw mit mehreren Insassen kamen bei einem Zusammensto\u00df von der Strasse ab und drohten \u00fcber die B\u00f6schung abzust\u00fcrzen, ein weiterer\u2026","rel":"","context":"In &quot;Blog&quot;","block_context":{"text":"Blog","link":"https:\/\/www.feuerwehr-pettneu.at\/wp\/category\/blog"},"img":{"alt_text":"","src":"https:\/\/i0.wp.com\/www.feuerwehr-pettneu.at\/wp\/wp-content\/uploads\/2017\/08\/technische_uebung22102011014.jpg?resize=350%2C200&ssl=1","width":350,"height":200,"srcset":"https:\/\/i0.wp.com\/www.feuerwehr-pettneu.at\/wp\/wp-content\/uploads\/2017\/08\/technische_uebung22102011014.jpg?resize=350%2C200&ssl=1 1x, https:\/\/i0.wp.com\/www.feuerwehr-pettneu.at\/wp\/wp-content\/uploads\/2017\/08\/technische_uebung22102011014.jpg?resize=525%2C300&ssl=1 1.5x, https:\/\/i0.wp.com\/www.feuerwehr-pettneu.at\/wp\/wp-content\/uploads\/2017\/08\/technische_uebung22102011014.jpg?resize=700%2C400&ssl=1 2x"},"classes":[]},{"id":12123,"url":"https:\/\/www.feuerwehr-pettneu.at\/wp\/technischer-knobelabend_05042014","url_meta":{"origin":13454,"position":5},"title":"Technischer Knobelabend","author":"Paul Nothdurfter","date":"Samstag, 05. April 2014","format":false,"excerpt":"Am Samstag, den 05.04.2014 fand zum ersten Mal ein technischer Knobelabend statt. F\u00fcr diesen Abend hat sich die das \u201eTechnische Ausbildungsteam\u201c zwei spezielle Aufgaben einfallen gelassen. F\u00fcr jede der Aufgaben durfte nur die Beladung entweder des TLF\u00b4s oder des KLF\u00b4s verwendetet werden. Der \u00dcbungszweck lag darin, dass die Beladung der\u2026","rel":"","context":"In &quot;Blog&quot;","block_context":{"text":"Blog","link":"https:\/\/www.feuerwehr-pettneu.at\/wp\/category\/blog"},"img":{"alt_text":"","src":"https:\/\/i0.wp.com\/www.feuerwehr-pettneu.at\/wp\/wp-content\/uploads\/2017\/08\/technischer_knobelabend_050414_007.jpg?resize=350%2C200&ssl=1","width":350,"height":200,"srcset":"https:\/\/i0.wp.com\/www.feuerwehr-pettneu.at\/wp\/wp-content\/uploads\/2017\/08\/technischer_knobelabend_050414_007.jpg?resize=350%2C200&ssl=1 1x, https:\/\/i0.wp.com\/www.feuerwehr-pettneu.at\/wp\/wp-content\/uploads\/2017\/08\/technischer_knobelabend_050414_007.jpg?resize=525%2C300&ssl=1 1.5x"},"classes":[]}],"_links":{"self":[{"href":"https:\/\/www.feuerwehr-pettneu.at\/wp\/wp-json\/wp\/v2\/posts\/13454","targetHints":{"allow":["GET"]}}],"collection":[{"href":"https:\/\/www.feuerwehr-pettneu.at\/wp\/wp-json\/wp\/v2\/posts"}],"about":[{"href":"https:\/\/www.feuerwehr-pettneu.at\/wp\/wp-json\/wp\/v2\/types\/post"}],"author":[{"embeddable":true,"href":"https:\/\/www.feuerwehr-pettneu.at\/wp\/wp-json\/wp\/v2\/users\/3"}],"replies":[{"embeddable":true,"href":"https:\/\/www.feuerwehr-pettneu.at\/wp\/wp-json\/wp\/v2\/comments?post=13454"}],"version-history":[{"count":0,"href":"https:\/\/www.feuerwehr-pettneu.at\/wp\/wp-json\/wp\/v2\/posts\/13454\/revisions"}],"wp:featuredmedia":[{"embeddable":true,"href":"https:\/\/www.feuerwehr-pettneu.at\/wp\/wp-json\/wp\/v2\/media\/15922"}],"wp:attachment":[{"href":"https:\/\/www.feuerwehr-pettneu.at\/wp\/wp-json\/wp\/v2\/media?parent=13454"}],"wp:term":[{"taxonomy":"category","embeddable":true,"href":"https:\/\/www.feuerwehr-pettneu.at\/wp\/wp-json\/wp\/v2\/categories?post=13454"},{"taxonomy":"post_tag","embeddable":true,"href":"https:\/\/www.feuerwehr-pettneu.at\/wp\/wp-json\/wp\/v2\/tags?post=13454"}],"curies":[{"name":"wp","href":"https:\/\/api.w.org\/{rel}","templated":true}]}}