{"id":13442,"date":"2009-08-10T20:50:29","date_gmt":"2009-08-10T18:50:29","guid":{"rendered":"http:\/\/www.feuerwehr-pettneu.at\/wp\/?p=13442"},"modified":"2017-10-04T07:49:36","modified_gmt":"2017-10-04T05:49:36","slug":"atemschutz-teilabschnittsuebung-2","status":"publish","type":"post","link":"https:\/\/www.feuerwehr-pettneu.at\/wp\/atemschutz-teilabschnittsuebung-2_10082009","title":{"rendered":"Atemschutz Teilabschnitts\u00fcbung"},"content":{"rendered":"<p>Am 10.08.2009 war die FF-Pettneu bei einer Atemschutz Teilabschnitts\u00fcbung in St.Christoph involviert. Angenommen wurde, dass beim Sporthotel Galzig im Keller gef\u00e4hrliche Stoffe und verletzte Personen mit Atemschutz zu bergen sind. Unser Atemschutztrupp war mit der W\u00e4rmebildkamera bei der Suche sehr erfolgreich und der Atemschutzbeauftragte der FF-Pettneu zieht ein gutes Res\u00fcmee von unserem Atemschutztrupp.<\/p>\n<div class=\"et_pb_slider et_pb_slider_fullwidth_off et_pb_gallery_post_type\">\n\t\t\t\t<div class=\"et_pb_slides\">\n\t\t\t\t\t<div class=\"et_pb_slide\" style=\"background: url(https:\/\/www.feuerwehr-pettneu.at\/wp\/wp-content\/uploads\/2017\/08\/ats_uebung100809_001.jpg);\"><\/div><div class=\"et_pb_slide\" style=\"background: url(https:\/\/www.feuerwehr-pettneu.at\/wp\/wp-content\/uploads\/2017\/08\/ats_uebung100809_002.jpg);\"><\/div><div class=\"et_pb_slide\" style=\"background: url(https:\/\/www.feuerwehr-pettneu.at\/wp\/wp-content\/uploads\/2017\/08\/ats_uebung100809_003.jpg);\"><\/div><div class=\"et_pb_slide\" style=\"background: url(https:\/\/www.feuerwehr-pettneu.at\/wp\/wp-content\/uploads\/2017\/08\/ats_uebung100809_004.jpg);\"><\/div><div class=\"et_pb_slide\" style=\"background: url(https:\/\/www.feuerwehr-pettneu.at\/wp\/wp-content\/uploads\/2017\/08\/ats_uebung100809_005.jpg);\"><\/div><div class=\"et_pb_slide\" style=\"background: url(https:\/\/www.feuerwehr-pettneu.at\/wp\/wp-content\/uploads\/2017\/08\/ats_uebung100809_006.jpg);\"><\/div><div class=\"et_pb_slide\" style=\"background: url(https:\/\/www.feuerwehr-pettneu.at\/wp\/wp-content\/uploads\/2017\/08\/ats_uebung100809_007.jpg);\"><\/div><div class=\"et_pb_slide\" style=\"background: url(https:\/\/www.feuerwehr-pettneu.at\/wp\/wp-content\/uploads\/2017\/08\/ats_uebung100809_008.jpg);\"><\/div><div class=\"et_pb_slide\" style=\"background: url(https:\/\/www.feuerwehr-pettneu.at\/wp\/wp-content\/uploads\/2017\/08\/ats_uebung100809_009.jpg);\"><\/div><div class=\"et_pb_slide\" style=\"background: url(https:\/\/www.feuerwehr-pettneu.at\/wp\/wp-content\/uploads\/2017\/08\/ats_uebung100809_010.jpg);\"><\/div><div class=\"et_pb_slide\" style=\"background: url(https:\/\/www.feuerwehr-pettneu.at\/wp\/wp-content\/uploads\/2017\/08\/ats_uebung100809_011.jpg);\"><\/div><div class=\"et_pb_slide\" style=\"background: url(https:\/\/www.feuerwehr-pettneu.at\/wp\/wp-content\/uploads\/2017\/08\/ats_uebung100809_012.jpg);\"><\/div><div class=\"et_pb_slide\" style=\"background: url(https:\/\/www.feuerwehr-pettneu.at\/wp\/wp-content\/uploads\/2017\/08\/ats_uebung100809_013.jpg);\"><\/div><div class=\"et_pb_slide\" style=\"background: url(https:\/\/www.feuerwehr-pettneu.at\/wp\/wp-content\/uploads\/2017\/08\/ats_uebung100809_014.jpg);\"><\/div><div class=\"et_pb_slide\" style=\"background: url(https:\/\/www.feuerwehr-pettneu.at\/wp\/wp-content\/uploads\/2017\/08\/ats_uebung100809_015.jpg);\"><\/div><div class=\"et_pb_slide\" style=\"background: url(https:\/\/www.feuerwehr-pettneu.at\/wp\/wp-content\/uploads\/2017\/08\/ats_uebung100809_016.jpg);\"><\/div>\n\t\t\t\t<\/div>\n\t\t\t<\/div>\n","protected":false},"excerpt":{"rendered":"<p>Am 10.08.2009 war die FF-Pettneu bei einer Atemschutz Teilabschnitts\u00fcbung in St.Christoph involviert. Angenommen wurde, dass beim Sporthotel Galzig im Keller gef\u00e4hrliche Stoffe und verletzte Personen mit Atemschutz zu bergen sind. Unser Atemschutztrupp war mit der W\u00e4rmebildkamera bei der Suche sehr erfolgreich und der Atemschutzbeauftragte der FF-Pettneu zieht ein gutes Res\u00fcmee von unserem Atemschutztrupp.<\/p>\n","protected":false},"author":3,"featured_media":15517,"comment_status":"open","ping_status":"open","sticky":false,"template":"","format":"standard","meta":{"_et_pb_use_builder":"","_et_pb_old_content":"","_et_gb_content_width":"","_jetpack_memberships_contains_paid_content":false,"footnotes":"","jetpack_publicize_message":"","jetpack_publicize_feature_enabled":true,"jetpack_social_post_already_shared":true,"jetpack_social_options":{"image_generator_settings":{"template":"highway","default_image_id":0,"font":"","enabled":false},"version":2}},"categories":[1,3],"tags":[],"class_list":["post-13442","post","type-post","status-publish","format-standard","has-post-thumbnail","hentry","category-blog","category-uebungen"],"jetpack_publicize_connections":[],"jetpack_featured_media_url":"https:\/\/www.feuerwehr-pettneu.at\/wp\/wp-content\/uploads\/2017\/08\/ats_uebung100809_013.jpg","jetpack_sharing_enabled":true,"jetpack-related-posts":[{"id":24680,"url":"https:\/\/www.feuerwehr-pettneu.at\/wp\/atemschutz-teilabschnittsuebung-in-st-anton_19062023","url_meta":{"origin":13442,"position":0},"title":"Atemschutz Teilabschnitts\u00fcbung in St. Anton","author":"FF-Pettneu","date":"Montag, 19. Juni 2023","format":false,"excerpt":"Am Montag, den 19.06.2023 fand eine Atemschutz Teilabschnitts\u00fcbung der Feuerwehren St. Anton, St. Jakob, Pettneu und Schnann am Mooserkreuz in St. Anton statt. \u00dcbungsannahme war ein Brand eines Wohnhauses mit 15 teils vermissten Personen, aber auch Fl\u00fcssigkeitsbeh\u00e4lter befanden sich im Geb\u00e4ude. Unsere Aufgabe war es einen Innenangriff mit einem Atemschutztrupp\u2026","rel":"","context":"In &quot;Blog&quot;","block_context":{"text":"Blog","link":"https:\/\/www.feuerwehr-pettneu.at\/wp\/category\/blog"},"img":{"alt_text":"","src":"https:\/\/i0.wp.com\/www.feuerwehr-pettneu.at\/wp\/wp-content\/uploads\/2023\/06\/ats_teilabschnittsuebung_stanton_19062023_008.jpg?resize=350%2C200&ssl=1","width":350,"height":200,"srcset":"https:\/\/i0.wp.com\/www.feuerwehr-pettneu.at\/wp\/wp-content\/uploads\/2023\/06\/ats_teilabschnittsuebung_stanton_19062023_008.jpg?resize=350%2C200&ssl=1 1x, https:\/\/i0.wp.com\/www.feuerwehr-pettneu.at\/wp\/wp-content\/uploads\/2023\/06\/ats_teilabschnittsuebung_stanton_19062023_008.jpg?resize=525%2C300&ssl=1 1.5x, https:\/\/i0.wp.com\/www.feuerwehr-pettneu.at\/wp\/wp-content\/uploads\/2023\/06\/ats_teilabschnittsuebung_stanton_19062023_008.jpg?resize=700%2C400&ssl=1 2x"},"classes":[]},{"id":20495,"url":"https:\/\/www.feuerwehr-pettneu.at\/wp\/atemschutz-teilabschnittsuebung-in-pettneu_01102018","url_meta":{"origin":13442,"position":1},"title":"Atemschutz Teilabschnitts\u00fcbung in Pettneu","author":"FF-Pettneu","date":"Montag, 01. Oktober 2018","format":false,"excerpt":"In Pettneu fand am Montag, den 01.10.2018 mit den Feuerwehren St. Anton, St. Jakob, Schnann und Pettneu eine Teilabschnitts\u00fcbung statt. F\u00fcr die Feuerwehr Pettneu war diese \u00dcbung gleichzeitig die Vollprobe zu Monatsbeginn. Diese Brand\u00fcbung wurde im Ortsteil Reit durchgef\u00fchrt und forderte vorallem die Atemschutztrupps der einzelnen Feuerwehren. Es gab mehrere\u2026","rel":"","context":"In &quot;Blog&quot;","block_context":{"text":"Blog","link":"https:\/\/www.feuerwehr-pettneu.at\/wp\/category\/blog"},"img":{"alt_text":"","src":"https:\/\/i0.wp.com\/www.feuerwehr-pettneu.at\/wp\/wp-content\/uploads\/2018\/10\/ats_teilabschnitt_pettneu_01102018_053.jpg?resize=350%2C200&ssl=1","width":350,"height":200,"srcset":"https:\/\/i0.wp.com\/www.feuerwehr-pettneu.at\/wp\/wp-content\/uploads\/2018\/10\/ats_teilabschnitt_pettneu_01102018_053.jpg?resize=350%2C200&ssl=1 1x, https:\/\/i0.wp.com\/www.feuerwehr-pettneu.at\/wp\/wp-content\/uploads\/2018\/10\/ats_teilabschnitt_pettneu_01102018_053.jpg?resize=525%2C300&ssl=1 1.5x, https:\/\/i0.wp.com\/www.feuerwehr-pettneu.at\/wp\/wp-content\/uploads\/2018\/10\/ats_teilabschnitt_pettneu_01102018_053.jpg?resize=700%2C400&ssl=1 2x"},"classes":[]},{"id":13222,"url":"https:\/\/www.feuerwehr-pettneu.at\/wp\/atemschutz-teilabschnittsuebung_09052011","url_meta":{"origin":13442,"position":2},"title":"Atemschutz Teilabschnitts\u00fcbung","author":"Paul Nothdurfter","date":"Montag, 09. Mai 2011","format":false,"excerpt":"Am 09.05.2011 fand eine Atemschutz Teilabschnitts\u00fcbung in Pettneu statt. Als \u00dcbungsobjekt diente der Wellnesspark Arlberg Stanzertal. Bei dieser \u00dcbung nahmen die FF-St. Anton, FF-St. Jakob, FF-Pettneu, FF-Schnann und die FF-Flirsch teil. \u00a0","rel":"","context":"In &quot;Blog&quot;","block_context":{"text":"Blog","link":"https:\/\/www.feuerwehr-pettneu.at\/wp\/category\/blog"},"img":{"alt_text":"","src":"","width":0,"height":0},"classes":[]},{"id":21876,"url":"https:\/\/www.feuerwehr-pettneu.at\/wp\/atemschutz-teilabschnittsuebung-3_21102019","url_meta":{"origin":13442,"position":3},"title":"Atemschutz Teilabschnitts\u00fcbung","author":"FF-Pettneu","date":"Montag, 21. Oktober 2019","format":false,"excerpt":"Am Montag, den 21.10.2019 um 20:00 Uhr fand eine Teilabschnitts\u00fcbung, des oberen Abschnittes Stanzertal in Schnann statt. Somit waren die Feuerwehren St. Anton, St. Jakob, Schnann und Pettneu involviert. Angenommen wurde ein Brand mit starken Rauchentwicklungen in der Schnanner Sennerei. Unsere Aufgabe war es unter Atemschutz die Vermissten Personen aus\u2026","rel":"","context":"In &quot;Blog&quot;","block_context":{"text":"Blog","link":"https:\/\/www.feuerwehr-pettneu.at\/wp\/category\/blog"},"img":{"alt_text":"","src":"https:\/\/i0.wp.com\/www.feuerwehr-pettneu.at\/wp\/wp-content\/uploads\/2019\/10\/ats_teilabschnittsuebung_schnann_21102019_005.jpg?resize=350%2C200&ssl=1","width":350,"height":200,"srcset":"https:\/\/i0.wp.com\/www.feuerwehr-pettneu.at\/wp\/wp-content\/uploads\/2019\/10\/ats_teilabschnittsuebung_schnann_21102019_005.jpg?resize=350%2C200&ssl=1 1x, https:\/\/i0.wp.com\/www.feuerwehr-pettneu.at\/wp\/wp-content\/uploads\/2019\/10\/ats_teilabschnittsuebung_schnann_21102019_005.jpg?resize=525%2C300&ssl=1 1.5x"},"classes":[]},{"id":12093,"url":"https:\/\/www.feuerwehr-pettneu.at\/wp\/atemschutz-abschnittsuebung_12052014","url_meta":{"origin":13442,"position":4},"title":"Atemschutz Abschnitts\u00fcbung","author":"Paul Nothdurfter","date":"Montag, 12. Mai 2014","format":false,"excerpt":"In St. Anton fand am 12.05.2014 eine ATS- Abschnitts\u00fcbung des Abschnittes Stanzertal statt. Diese \u00dcbung wurde erstmals als Stationsbetrieb mit 4 Stationen ausgef\u00fchrt. Bei der ersten Station musste der jeweilige Atemschutztrupp 3 Personen aus einem verrauchten Raum bergen. Bei der Station 2 wurde das richtige Steigen \u00fcber Dreh- und Schiebeleiter\u2026","rel":"","context":"In &quot;Blog&quot;","block_context":{"text":"Blog","link":"https:\/\/www.feuerwehr-pettneu.at\/wp\/category\/blog"},"img":{"alt_text":"","src":"https:\/\/i0.wp.com\/www.feuerwehr-pettneu.at\/wp\/wp-content\/uploads\/2017\/08\/ats_abschnittsuebung_12052014_020.jpg?resize=350%2C200&ssl=1","width":350,"height":200,"srcset":"https:\/\/i0.wp.com\/www.feuerwehr-pettneu.at\/wp\/wp-content\/uploads\/2017\/08\/ats_abschnittsuebung_12052014_020.jpg?resize=350%2C200&ssl=1 1x, https:\/\/i0.wp.com\/www.feuerwehr-pettneu.at\/wp\/wp-content\/uploads\/2017\/08\/ats_abschnittsuebung_12052014_020.jpg?resize=525%2C300&ssl=1 1.5x"},"classes":[]},{"id":17782,"url":"https:\/\/www.feuerwehr-pettneu.at\/wp\/ats-teilabschnittsuebung-in-schnann_26092017","url_meta":{"origin":13442,"position":5},"title":"ATS Teilabschnitts\u00fcbung in Schnann","author":"FF-Pettneu","date":"Dienstag, 26. September 2017","format":false,"excerpt":"Am 26.09.2017 fand eine Atemschutz Teilabschnitts\u00fcbung des oberen Abschnittes Stanzertal in Schann statt. \u00dcbungsannahme war ein Brand in der B\u00e4ckerei Ruetz im Schnanner Gewerbegebiet mit mehreren vermissten Personen. Nach der Erkundung durch die Feuerwehr Schnann wurden die Feuerwehren Pettneu, St. Jakob und St. Anton nachalarmiert. Die Brandherde konnten von den\u2026","rel":"","context":"In &quot;Blog&quot;","block_context":{"text":"Blog","link":"https:\/\/www.feuerwehr-pettneu.at\/wp\/category\/blog"},"img":{"alt_text":"","src":"https:\/\/i0.wp.com\/www.feuerwehr-pettneu.at\/wp\/wp-content\/uploads\/2017\/09\/ats_teilabschnittsuebung_26092017_014.jpg?resize=350%2C200&ssl=1","width":350,"height":200,"srcset":"https:\/\/i0.wp.com\/www.feuerwehr-pettneu.at\/wp\/wp-content\/uploads\/2017\/09\/ats_teilabschnittsuebung_26092017_014.jpg?resize=350%2C200&ssl=1 1x, https:\/\/i0.wp.com\/www.feuerwehr-pettneu.at\/wp\/wp-content\/uploads\/2017\/09\/ats_teilabschnittsuebung_26092017_014.jpg?resize=525%2C300&ssl=1 1.5x, https:\/\/i0.wp.com\/www.feuerwehr-pettneu.at\/wp\/wp-content\/uploads\/2017\/09\/ats_teilabschnittsuebung_26092017_014.jpg?resize=700%2C400&ssl=1 2x"},"classes":[]}],"_links":{"self":[{"href":"https:\/\/www.feuerwehr-pettneu.at\/wp\/wp-json\/wp\/v2\/posts\/13442","targetHints":{"allow":["GET"]}}],"collection":[{"href":"https:\/\/www.feuerwehr-pettneu.at\/wp\/wp-json\/wp\/v2\/posts"}],"about":[{"href":"https:\/\/www.feuerwehr-pettneu.at\/wp\/wp-json\/wp\/v2\/types\/post"}],"author":[{"embeddable":true,"href":"https:\/\/www.feuerwehr-pettneu.at\/wp\/wp-json\/wp\/v2\/users\/3"}],"replies":[{"embeddable":true,"href":"https:\/\/www.feuerwehr-pettneu.at\/wp\/wp-json\/wp\/v2\/comments?post=13442"}],"version-history":[{"count":0,"href":"https:\/\/www.feuerwehr-pettneu.at\/wp\/wp-json\/wp\/v2\/posts\/13442\/revisions"}],"wp:featuredmedia":[{"embeddable":true,"href":"https:\/\/www.feuerwehr-pettneu.at\/wp\/wp-json\/wp\/v2\/media\/15517"}],"wp:attachment":[{"href":"https:\/\/www.feuerwehr-pettneu.at\/wp\/wp-json\/wp\/v2\/media?parent=13442"}],"wp:term":[{"taxonomy":"category","embeddable":true,"href":"https:\/\/www.feuerwehr-pettneu.at\/wp\/wp-json\/wp\/v2\/categories?post=13442"},{"taxonomy":"post_tag","embeddable":true,"href":"https:\/\/www.feuerwehr-pettneu.at\/wp\/wp-json\/wp\/v2\/tags?post=13442"}],"curies":[{"name":"wp","href":"https:\/\/api.w.org\/{rel}","templated":true}]}}