{"id":12123,"date":"2014-04-05T20:45:49","date_gmt":"2014-04-05T18:45:49","guid":{"rendered":"http:\/\/www.feuerwehr-pettneu.at\/wp\/?p=12123"},"modified":"2017-09-11T22:56:12","modified_gmt":"2017-09-11T20:56:12","slug":"technischer-knobelabend","status":"publish","type":"post","link":"https:\/\/www.feuerwehr-pettneu.at\/wp\/technischer-knobelabend_05042014","title":{"rendered":"Technischer Knobelabend"},"content":{"rendered":"<p>Am Samstag, den 05.04.2014 fand zum ersten Mal ein technischer Knobelabend statt. F\u00fcr diesen Abend hat sich die das \u201eTechnische Ausbildungsteam\u201c zwei spezielle Aufgaben einfallen gelassen. F\u00fcr jede der Aufgaben durfte nur die Beladung entweder des TLF\u00b4s oder des KLF\u00b4s verwendetet werden. Der \u00dcbungszweck lag darin, dass die Beladung der Fahrzeuge gekonnt werden musste und die jeweilige Aufgabe mit m\u00f6glichst viel Einfallsreichtum so schnell wie m\u00f6glich gel\u00f6st wurde. Das Wissen \u00fcber den Beladeplan der Fahrzeuge, sowie der Einfallsreichtum zum L\u00f6sen von Problemen ist auch in realen Eins\u00e4tzen sehr gefragt.<\/p>\n<div class=\"et_pb_slider et_pb_slider_fullwidth_off et_pb_gallery_post_type\">\n\t\t\t\t<div class=\"et_pb_slides\">\n\t\t\t\t\t<div class=\"et_pb_slide\" style=\"background: url(https:\/\/www.feuerwehr-pettneu.at\/wp\/wp-content\/uploads\/2017\/08\/technischer_knobelabend_050414_001.jpg);\"><\/div><div class=\"et_pb_slide\" style=\"background: url(https:\/\/www.feuerwehr-pettneu.at\/wp\/wp-content\/uploads\/2017\/08\/technischer_knobelabend_050414_002.jpg);\"><\/div><div class=\"et_pb_slide\" style=\"background: url(https:\/\/www.feuerwehr-pettneu.at\/wp\/wp-content\/uploads\/2017\/08\/technischer_knobelabend_050414_003.jpg);\"><\/div><div class=\"et_pb_slide\" style=\"background: url(https:\/\/www.feuerwehr-pettneu.at\/wp\/wp-content\/uploads\/2017\/08\/technischer_knobelabend_050414_004.jpg);\"><\/div><div class=\"et_pb_slide\" style=\"background: url(https:\/\/www.feuerwehr-pettneu.at\/wp\/wp-content\/uploads\/2017\/08\/technischer_knobelabend_050414_005.jpg);\"><\/div><div class=\"et_pb_slide\" style=\"background: url(https:\/\/www.feuerwehr-pettneu.at\/wp\/wp-content\/uploads\/2017\/08\/technischer_knobelabend_050414_006.jpg);\"><\/div><div class=\"et_pb_slide\" style=\"background: url(https:\/\/www.feuerwehr-pettneu.at\/wp\/wp-content\/uploads\/2017\/08\/technischer_knobelabend_050414_007.jpg);\"><\/div><div class=\"et_pb_slide\" style=\"background: url(https:\/\/www.feuerwehr-pettneu.at\/wp\/wp-content\/uploads\/2017\/08\/technischer_knobelabend_050414_008.jpg);\"><\/div><div class=\"et_pb_slide\" style=\"background: url(https:\/\/www.feuerwehr-pettneu.at\/wp\/wp-content\/uploads\/2017\/08\/technischer_knobelabend_050414_009.jpg);\"><\/div><div class=\"et_pb_slide\" style=\"background: url(https:\/\/www.feuerwehr-pettneu.at\/wp\/wp-content\/uploads\/2017\/08\/technischer_knobelabend_050414_010.jpg);\"><\/div>\n\t\t\t\t<\/div>\n\t\t\t<\/div>\n","protected":false},"excerpt":{"rendered":"<p>Am Samstag, den 05.04.2014 fand zum ersten Mal ein technischer Knobelabend statt. F\u00fcr diesen Abend hat sich die das \u201eTechnische Ausbildungsteam\u201c zwei spezielle Aufgaben einfallen gelassen. F\u00fcr jede der Aufgaben durfte nur die Beladung entweder des TLF\u00b4s oder des KLF\u00b4s verwendetet werden. Der \u00dcbungszweck lag darin, dass die Beladung der Fahrzeuge gekonnt werden musste und [&hellip;]<\/p>\n","protected":false},"author":3,"featured_media":13946,"comment_status":"open","ping_status":"open","sticky":false,"template":"","format":"standard","meta":{"_et_pb_use_builder":"","_et_pb_old_content":"","_et_gb_content_width":"","_jetpack_memberships_contains_paid_content":false,"footnotes":"","jetpack_publicize_message":"","jetpack_publicize_feature_enabled":true,"jetpack_social_post_already_shared":true,"jetpack_social_options":{"image_generator_settings":{"template":"highway","default_image_id":0,"font":"","enabled":false},"version":2}},"categories":[1,3],"tags":[],"class_list":["post-12123","post","type-post","status-publish","format-standard","has-post-thumbnail","hentry","category-blog","category-uebungen"],"jetpack_publicize_connections":[],"jetpack_featured_media_url":"https:\/\/www.feuerwehr-pettneu.at\/wp\/wp-content\/uploads\/2017\/08\/technischer_knobelabend_050414_007.jpg","jetpack_sharing_enabled":true,"jetpack-related-posts":[{"id":11932,"url":"https:\/\/www.feuerwehr-pettneu.at\/wp\/ff-jugend-testet-digital-u-analogfunk_19102008","url_meta":{"origin":12123,"position":0},"title":"FF-Jugend testet Digital u. Analogfunk","author":"Paul Nothdurfter","date":"Sonntag, 19. Oktober 2008","format":false,"excerpt":"Am Sonntag startete unsere Feuerwehrjugend bei stahlendem Sonnenschein ins Malfontal um unsere Funkger\u00e4te auf ihre Empfangsst\u00e4rke zu testen. Unser MTF wurde bei der Hinteren Malfonalpe stationiert. Die 1. Gruppe wanderte \u00fcber die Edmund-Graf H\u00fctte zum Kappler Boden, die 2. Gruppe hatte das Ziel Mullih\u00fctte \u00fcber den Schlechten Gampen und die\u2026","rel":"","context":"In &quot;Blog&quot;","block_context":{"text":"Blog","link":"https:\/\/www.feuerwehr-pettneu.at\/wp\/category\/blog"},"img":{"alt_text":"","src":"https:\/\/i0.wp.com\/www.feuerwehr-pettneu.at\/wp\/wp-content\/uploads\/2017\/08\/funkuebung_malfon_2008_001.jpg?resize=350%2C200&ssl=1","width":350,"height":200,"srcset":"https:\/\/i0.wp.com\/www.feuerwehr-pettneu.at\/wp\/wp-content\/uploads\/2017\/08\/funkuebung_malfon_2008_001.jpg?resize=350%2C200&ssl=1 1x, https:\/\/i0.wp.com\/www.feuerwehr-pettneu.at\/wp\/wp-content\/uploads\/2017\/08\/funkuebung_malfon_2008_001.jpg?resize=525%2C300&ssl=1 1.5x, https:\/\/i0.wp.com\/www.feuerwehr-pettneu.at\/wp\/wp-content\/uploads\/2017\/08\/funkuebung_malfon_2008_001.jpg?resize=700%2C400&ssl=1 2x"},"classes":[]},{"id":20637,"url":"https:\/\/www.feuerwehr-pettneu.at\/wp\/feuerwehr-pettneu-besteht-technische-leistungspruefung-form-a-in-gold_20102018","url_meta":{"origin":12123,"position":1},"title":"Feuerwehr Pettneu besteht Technische Leistungspr\u00fcfung Form A in Gold","author":"FF-Pettneu","date":"Samstag, 20. Oktober 2018","format":false,"excerpt":"Am Samstag, den 20.10.2018 trat eine Gruppe mit 12 Mann, der Feuerwehr Pettneu zur technischen Leistungspr\u00fcfung in Gold \u2013 Form A an und konnte diese souver\u00e4n, unter Beobachtung der Bewerter, des Bezirkskommandant-Stv., dem Bezirksfeuerwehrinspektor, der Gemeindevertretung, den Vertretern der benachbarten Feuerwehren und zahlreichen Zuschauern fehlerfrei und in der geforderten Sollzeit\u2026","rel":"","context":"In &quot;Blog&quot;","block_context":{"text":"Blog","link":"https:\/\/www.feuerwehr-pettneu.at\/wp\/category\/blog"},"img":{"alt_text":"","src":"https:\/\/i0.wp.com\/www.feuerwehr-pettneu.at\/wp\/wp-content\/uploads\/2018\/10\/tlp_gold_20102018_066.jpg?resize=350%2C200&ssl=1","width":350,"height":200,"srcset":"https:\/\/i0.wp.com\/www.feuerwehr-pettneu.at\/wp\/wp-content\/uploads\/2018\/10\/tlp_gold_20102018_066.jpg?resize=350%2C200&ssl=1 1x, https:\/\/i0.wp.com\/www.feuerwehr-pettneu.at\/wp\/wp-content\/uploads\/2018\/10\/tlp_gold_20102018_066.jpg?resize=525%2C300&ssl=1 1.5x, https:\/\/i0.wp.com\/www.feuerwehr-pettneu.at\/wp\/wp-content\/uploads\/2018\/10\/tlp_gold_20102018_066.jpg?resize=700%2C400&ssl=1 2x"},"classes":[]},{"id":13440,"url":"https:\/\/www.feuerwehr-pettneu.at\/wp\/technische-uebung-im-malfonbachtunnel_03092009","url_meta":{"origin":12123,"position":2},"title":"Technische \u00dcbung im Malfonbachtunnel","author":"Paul Nothdurfter","date":"Donnerstag, 03. September 2009","format":false,"excerpt":"Am Montag den 03.09.2009 fand eine Berge-\u00dcbung auf der S-16 im Malfonbachtunnel statt. Bei dieser \u00dcbung war die Feuerwehr Pettneu mit beiden Fahrzeugen im Einsatz. Das \u00dcbungsszenario war ein Verkehrsunfall mit 6 beteiligten PKW und einem LKW. ca. 70 Mann der Feuerwehren des Abschnittes und 15 Mann vom Roten Kreuz\u2026","rel":"","context":"In &quot;Blog&quot;","block_context":{"text":"Blog","link":"https:\/\/www.feuerwehr-pettneu.at\/wp\/category\/blog"},"img":{"alt_text":"","src":"https:\/\/i0.wp.com\/www.feuerwehr-pettneu.at\/wp\/wp-content\/uploads\/2017\/08\/uebung030909_016.jpg?resize=350%2C200&ssl=1","width":350,"height":200,"srcset":"https:\/\/i0.wp.com\/www.feuerwehr-pettneu.at\/wp\/wp-content\/uploads\/2017\/08\/uebung030909_016.jpg?resize=350%2C200&ssl=1 1x, https:\/\/i0.wp.com\/www.feuerwehr-pettneu.at\/wp\/wp-content\/uploads\/2017\/08\/uebung030909_016.jpg?resize=525%2C300&ssl=1 1.5x, https:\/\/i0.wp.com\/www.feuerwehr-pettneu.at\/wp\/wp-content\/uploads\/2017\/08\/uebung030909_016.jpg?resize=700%2C400&ssl=1 2x"},"classes":[]},{"id":9775,"url":"https:\/\/www.feuerwehr-pettneu.at\/wp\/technische-leistungspruefung_24102015","url_meta":{"origin":12123,"position":3},"title":"Technische Leistungspr\u00fcfung","author":"Paul Nothdurfter","date":"Samstag, 24. Oktober 2015","format":false,"excerpt":"Am Samstag, den 24.10.2015 trat eine Gruppe mit 12 Mann, der Feuerwehr Pettneu zur technischen Leistungspr\u00fcfung in Bronze - Form A an und konnte diese souver\u00e4n, unter Beobachtung der Bewerter, des Bezirkskommandanten und seinem Stellvertreter, dem Bezirksfeuerwehrinspektor, den Vertretern der benachbarten Feuerwehren und einigen interessierten Zuschauern fehlerfrei und in der\u2026","rel":"","context":"In &quot;Blog&quot;","block_context":{"text":"Blog","link":"https:\/\/www.feuerwehr-pettneu.at\/wp\/category\/blog"},"img":{"alt_text":"","src":"https:\/\/i0.wp.com\/www.feuerwehr-pettneu.at\/wp\/wp-content\/uploads\/2017\/08\/tlp_24102015_041.jpg?resize=350%2C200&ssl=1","width":350,"height":200,"srcset":"https:\/\/i0.wp.com\/www.feuerwehr-pettneu.at\/wp\/wp-content\/uploads\/2017\/08\/tlp_24102015_041.jpg?resize=350%2C200&ssl=1 1x, https:\/\/i0.wp.com\/www.feuerwehr-pettneu.at\/wp\/wp-content\/uploads\/2017\/08\/tlp_24102015_041.jpg?resize=525%2C300&ssl=1 1.5x, https:\/\/i0.wp.com\/www.feuerwehr-pettneu.at\/wp\/wp-content\/uploads\/2017\/08\/tlp_24102015_041.jpg?resize=700%2C400&ssl=1 2x"},"classes":[]},{"id":13194,"url":"https:\/\/www.feuerwehr-pettneu.at\/wp\/technische-uebung-2_22102011","url_meta":{"origin":12123,"position":4},"title":"Technische \u00dcbung","author":"Paul Nothdurfter","date":"Samstag, 22. Oktober 2011","format":false,"excerpt":"\"Schwerer Verkehrsunfall mit einem brennendem Fahrzeug\u201c lautete am Samstag, 22.10.2011 um 14:00 Uhr die \u00dcbungsalarmierung f\u00fcr die Feuerwehr Pettneu! Beim Eintreffen an der Einsatzstelle stellte sich folgende Situation dar! Zwei Pkw mit mehreren Insassen kamen bei einem Zusammensto\u00df von der Strasse ab und drohten \u00fcber die B\u00f6schung abzust\u00fcrzen, ein weiterer\u2026","rel":"","context":"In &quot;Blog&quot;","block_context":{"text":"Blog","link":"https:\/\/www.feuerwehr-pettneu.at\/wp\/category\/blog"},"img":{"alt_text":"","src":"https:\/\/i0.wp.com\/www.feuerwehr-pettneu.at\/wp\/wp-content\/uploads\/2017\/08\/technische_uebung22102011014.jpg?resize=350%2C200&ssl=1","width":350,"height":200,"srcset":"https:\/\/i0.wp.com\/www.feuerwehr-pettneu.at\/wp\/wp-content\/uploads\/2017\/08\/technische_uebung22102011014.jpg?resize=350%2C200&ssl=1 1x, https:\/\/i0.wp.com\/www.feuerwehr-pettneu.at\/wp\/wp-content\/uploads\/2017\/08\/technische_uebung22102011014.jpg?resize=525%2C300&ssl=1 1.5x, https:\/\/i0.wp.com\/www.feuerwehr-pettneu.at\/wp\/wp-content\/uploads\/2017\/08\/technische_uebung22102011014.jpg?resize=700%2C400&ssl=1 2x"},"classes":[]},{"id":23766,"url":"https:\/\/www.feuerwehr-pettneu.at\/wp\/uebung-technische-geraete_01092022","url_meta":{"origin":12123,"position":5},"title":"\u00dcbung technische Ger\u00e4te","author":"FF-Pettneu","date":"Donnerstag, 01. September 2022","format":false,"excerpt":"Am Donnerstag, den 01.09.2022 fand eine \u00dcbung mit unseren technischen Ger\u00e4ten, die bei einem Verkehrsunfall zur Verwendung kommen statt. Zuerst wurde der auf der Seite liegenden PKW auf beiden Seiten stabilisiert. Dabei kam das Stab Fast System zum Einsatz. Da dieser Abend genutzt wurde, um m\u00f6glichst viele Ger\u00e4tschaften und M\u00f6glichkeiten\u2026","rel":"","context":"In &quot;Blog&quot;","block_context":{"text":"Blog","link":"https:\/\/www.feuerwehr-pettneu.at\/wp\/category\/blog"},"img":{"alt_text":"","src":"https:\/\/i0.wp.com\/www.feuerwehr-pettneu.at\/wp\/wp-content\/uploads\/2022\/09\/uebung_technisch_01092022_013.jpg?resize=350%2C200&ssl=1","width":350,"height":200,"srcset":"https:\/\/i0.wp.com\/www.feuerwehr-pettneu.at\/wp\/wp-content\/uploads\/2022\/09\/uebung_technisch_01092022_013.jpg?resize=350%2C200&ssl=1 1x, https:\/\/i0.wp.com\/www.feuerwehr-pettneu.at\/wp\/wp-content\/uploads\/2022\/09\/uebung_technisch_01092022_013.jpg?resize=525%2C300&ssl=1 1.5x, https:\/\/i0.wp.com\/www.feuerwehr-pettneu.at\/wp\/wp-content\/uploads\/2022\/09\/uebung_technisch_01092022_013.jpg?resize=700%2C400&ssl=1 2x"},"classes":[]}],"_links":{"self":[{"href":"https:\/\/www.feuerwehr-pettneu.at\/wp\/wp-json\/wp\/v2\/posts\/12123","targetHints":{"allow":["GET"]}}],"collection":[{"href":"https:\/\/www.feuerwehr-pettneu.at\/wp\/wp-json\/wp\/v2\/posts"}],"about":[{"href":"https:\/\/www.feuerwehr-pettneu.at\/wp\/wp-json\/wp\/v2\/types\/post"}],"author":[{"embeddable":true,"href":"https:\/\/www.feuerwehr-pettneu.at\/wp\/wp-json\/wp\/v2\/users\/3"}],"replies":[{"embeddable":true,"href":"https:\/\/www.feuerwehr-pettneu.at\/wp\/wp-json\/wp\/v2\/comments?post=12123"}],"version-history":[{"count":0,"href":"https:\/\/www.feuerwehr-pettneu.at\/wp\/wp-json\/wp\/v2\/posts\/12123\/revisions"}],"wp:featuredmedia":[{"embeddable":true,"href":"https:\/\/www.feuerwehr-pettneu.at\/wp\/wp-json\/wp\/v2\/media\/13946"}],"wp:attachment":[{"href":"https:\/\/www.feuerwehr-pettneu.at\/wp\/wp-json\/wp\/v2\/media?parent=12123"}],"wp:term":[{"taxonomy":"category","embeddable":true,"href":"https:\/\/www.feuerwehr-pettneu.at\/wp\/wp-json\/wp\/v2\/categories?post=12123"},{"taxonomy":"post_tag","embeddable":true,"href":"https:\/\/www.feuerwehr-pettneu.at\/wp\/wp-json\/wp\/v2\/tags?post=12123"}],"curies":[{"name":"wp","href":"https:\/\/api.w.org\/{rel}","templated":true}]}}