{"id":12076,"date":"2014-07-22T20:30:32","date_gmt":"2014-07-22T18:30:32","guid":{"rendered":"http:\/\/www.feuerwehr-pettneu.at\/wp\/?p=12076"},"modified":"2017-09-11T22:10:42","modified_gmt":"2017-09-11T20:10:42","slug":"notstromeinspeisung-in-flirsch","status":"publish","type":"post","link":"https:\/\/www.feuerwehr-pettneu.at\/wp\/notstromeinspeisung-in-flirsch_22072014","title":{"rendered":"Notstromeinspeisung in Flirsch"},"content":{"rendered":"<p>Am Dienstag den 22.07.2014, r\u00fcckte die Feuerwehr Pettneu mit dem Notstromaggregat 40kVA zu einer \u00dcbung nach Flirsch aus.<br \/>\nBei dieser \u00dcbung wurde probehalber das Wohn- und Pflegeheim mit Strom versorgt. Dies w\u00e4re im Falle eines Stomausfalles n\u00f6tig um die wichtigsten Ger\u00e4tschaften des Wohn- und Pflegeheim mit Strom zu versorgen.<\/p>\n<div class=\"et_pb_slider et_pb_slider_fullwidth_off et_pb_gallery_post_type\">\n\t\t\t\t<div class=\"et_pb_slides\">\n\t\t\t\t\t<div class=\"et_pb_slide\" style=\"background: url(https:\/\/www.feuerwehr-pettneu.at\/wp\/wp-content\/uploads\/2017\/08\/altersheim_flirsch_22072014001.jpg);\"><\/div><div class=\"et_pb_slide\" style=\"background: url(https:\/\/www.feuerwehr-pettneu.at\/wp\/wp-content\/uploads\/2017\/08\/altersheim_flirsch_22072014002.jpg);\"><\/div><div class=\"et_pb_slide\" style=\"background: url(https:\/\/www.feuerwehr-pettneu.at\/wp\/wp-content\/uploads\/2017\/08\/altersheim_flirsch_22072014003.jpg);\"><\/div>\n\t\t\t\t<\/div>\n\t\t\t<\/div>\n","protected":false},"excerpt":{"rendered":"<p>Am Dienstag den 22.07.2014, r\u00fcckte die Feuerwehr Pettneu mit dem Notstromaggregat 40kVA zu einer \u00dcbung nach Flirsch aus. Bei dieser \u00dcbung wurde probehalber das Wohn- und Pflegeheim mit Strom versorgt. Dies w\u00e4re im Falle eines Stomausfalles n\u00f6tig um die wichtigsten Ger\u00e4tschaften des Wohn- und Pflegeheim mit Strom zu versorgen.<\/p>\n","protected":false},"author":3,"featured_media":13525,"comment_status":"open","ping_status":"open","sticky":false,"template":"","format":"standard","meta":{"_et_pb_use_builder":"","_et_pb_old_content":"","_et_gb_content_width":"","_jetpack_memberships_contains_paid_content":false,"footnotes":"","jetpack_publicize_message":"","jetpack_publicize_feature_enabled":true,"jetpack_social_post_already_shared":true,"jetpack_social_options":{"image_generator_settings":{"template":"highway","default_image_id":0,"font":"","enabled":false},"version":2}},"categories":[1,3],"tags":[],"class_list":["post-12076","post","type-post","status-publish","format-standard","has-post-thumbnail","hentry","category-blog","category-uebungen"],"jetpack_publicize_connections":[],"jetpack_featured_media_url":"https:\/\/www.feuerwehr-pettneu.at\/wp\/wp-content\/uploads\/2017\/08\/altersheim_flirsch_22072014003.jpg","jetpack_sharing_enabled":true,"jetpack-related-posts":[{"id":23909,"url":"https:\/\/www.feuerwehr-pettneu.at\/wp\/teilabschnittsuebung-wohn-u-pflegeheim-oberes-stanzertal_10102022","url_meta":{"origin":12076,"position":0},"title":"Teilabschnitts\u00fcbung Wohn-u. Pflegeheim Oberes Stanzertal","author":"FF-Pettneu","date":"Montag, 10. Oktober 2022","format":false,"excerpt":"Am 10.10.2022 fand eine Teilabschnitts\u00fcbung im Wohn- und Pflegeheim Oberes Stanzertal statt. Die \u00dcbung wurde durch die Feuerwehr Flirsch und dem Pflegeheim in einem Stationsbetrieb vorbereitet. Durch die Mitarbeiter des Pflegeheims wurde das Geb\u00e4ude in einem Vortrag vorgestellt. In einer darauffolgenden Besichtigung konnten mit einem Stationsbetrieb die lauernden Gefahrenstellen sowie\u2026","rel":"","context":"In &quot;Blog&quot;","block_context":{"text":"Blog","link":"https:\/\/www.feuerwehr-pettneu.at\/wp\/category\/blog"},"img":{"alt_text":"","src":"https:\/\/i0.wp.com\/www.feuerwehr-pettneu.at\/wp\/wp-content\/uploads\/2022\/10\/teilabschnittsuebung_pflegeheim_10102022_001.jpg?resize=350%2C200&ssl=1","width":350,"height":200,"srcset":"https:\/\/i0.wp.com\/www.feuerwehr-pettneu.at\/wp\/wp-content\/uploads\/2022\/10\/teilabschnittsuebung_pflegeheim_10102022_001.jpg?resize=350%2C200&ssl=1 1x, https:\/\/i0.wp.com\/www.feuerwehr-pettneu.at\/wp\/wp-content\/uploads\/2022\/10\/teilabschnittsuebung_pflegeheim_10102022_001.jpg?resize=525%2C300&ssl=1 1.5x, https:\/\/i0.wp.com\/www.feuerwehr-pettneu.at\/wp\/wp-content\/uploads\/2022\/10\/teilabschnittsuebung_pflegeheim_10102022_001.jpg?resize=700%2C400&ssl=1 2x"},"classes":[]},{"id":26951,"url":"https:\/\/www.feuerwehr-pettneu.at\/wp\/abschnittsuebung-wohn-und-pflegeheim-flirsch_16112024","url_meta":{"origin":12076,"position":1},"title":"Abschnitts\u00fcbung Wohn- und Pflegeheim Flirsch","author":"FF-Pettneu","date":"Samstag, 16. November 2024","format":false,"excerpt":"Am Samstag, den 16. November 2024, fand im Wohn- und Pflegeheim in Flirsch eine Gro\u00df\u00fcbung statt. An der \u00dcbung nahmen alle Feuerwehren des Abschnitts Stanzertal sowie das Rote Kreuz teil. Die \u00dcbungsannahme war ein Brand im 2. Obergeschoss, der in der Waschk\u00fcche ausgebrochen war und zu einer starken Rauchentwicklung f\u00fchrte.\u2026","rel":"","context":"In &quot;Blog&quot;","block_context":{"text":"Blog","link":"https:\/\/www.feuerwehr-pettneu.at\/wp\/category\/blog"},"img":{"alt_text":"","src":"https:\/\/i0.wp.com\/www.feuerwehr-pettneu.at\/wp\/wp-content\/uploads\/2024\/11\/abschnittsuebung_pflegeheim_flirsch_16112024_018.jpeg?resize=350%2C200&ssl=1","width":350,"height":200,"srcset":"https:\/\/i0.wp.com\/www.feuerwehr-pettneu.at\/wp\/wp-content\/uploads\/2024\/11\/abschnittsuebung_pflegeheim_flirsch_16112024_018.jpeg?resize=350%2C200&ssl=1 1x, https:\/\/i0.wp.com\/www.feuerwehr-pettneu.at\/wp\/wp-content\/uploads\/2024\/11\/abschnittsuebung_pflegeheim_flirsch_16112024_018.jpeg?resize=525%2C300&ssl=1 1.5x, https:\/\/i0.wp.com\/www.feuerwehr-pettneu.at\/wp\/wp-content\/uploads\/2024\/11\/abschnittsuebung_pflegeheim_flirsch_16112024_018.jpeg?resize=700%2C400&ssl=1 2x"},"classes":[]},{"id":12062,"url":"https:\/\/www.feuerwehr-pettneu.at\/wp\/abschnittsuebung-in-flirsch_19092014","url_meta":{"origin":12076,"position":2},"title":"Abschnitts\u00fcbung in Flirsch","author":"Paul Nothdurfter","date":"Freitag, 19. September 2014","format":false,"excerpt":"Am 19.09.2014 fand eine Abschnitts\u00fcbung des Abschnittes Stanzertal in Flirsch statt. Als \u00dcbungsobjekte dienten das Wohn- und Pflegeheim Stanzertal und das Geb\u00e4ude des Abwasserverbandes Oberes Stanzertal. Unsere Mannschaft wurde zusammen mit den Kameraden aus Pians und St. Jakob beim Kl\u00e4rwerk eingeteilt, die Einsatzleitung hatte die Feuerwehr Pians. Bei der \u00dcbung\u2026","rel":"","context":"In &quot;Blog&quot;","block_context":{"text":"Blog","link":"https:\/\/www.feuerwehr-pettneu.at\/wp\/category\/blog"},"img":{"alt_text":"","src":"https:\/\/i0.wp.com\/www.feuerwehr-pettneu.at\/wp\/wp-content\/uploads\/2017\/08\/abschnittsuebung_flirsch_19092014_008.jpg?resize=350%2C200&ssl=1","width":350,"height":200,"srcset":"https:\/\/i0.wp.com\/www.feuerwehr-pettneu.at\/wp\/wp-content\/uploads\/2017\/08\/abschnittsuebung_flirsch_19092014_008.jpg?resize=350%2C200&ssl=1 1x, https:\/\/i0.wp.com\/www.feuerwehr-pettneu.at\/wp\/wp-content\/uploads\/2017\/08\/abschnittsuebung_flirsch_19092014_008.jpg?resize=525%2C300&ssl=1 1.5x"},"classes":[]},{"id":13407,"url":"https:\/\/www.feuerwehr-pettneu.at\/wp\/asfinag-uebung-im-flirscher-tunnel_02082010","url_meta":{"origin":12076,"position":3},"title":"Asfinag \u00dcbung im Flirscher Tunnel","author":"Paul Nothdurfter","date":"Montag, 02. August 2010","format":false,"excerpt":"Am Montag den 02.08.2010 fand im Flirscher Tunnel eine technische \u00dcbung statt. Die Feuerwehren des Abschnittes Stanzertal und das Rote Kreuz \u00fcbten an zwei verschieden Unfallorten, mit unterschiedlichem Unfallgeschehen. Aufgabe der FF-Pettneu bestand darin 2 Personen aus einem verunfallten KFZ zu bergen. Erschwert wurde der \u00dcbungseinsatz darin, dass die verunfallten\u2026","rel":"","context":"In &quot;Blog&quot;","block_context":{"text":"Blog","link":"https:\/\/www.feuerwehr-pettneu.at\/wp\/category\/blog"},"img":{"alt_text":"","src":"https:\/\/i0.wp.com\/www.feuerwehr-pettneu.at\/wp\/wp-content\/uploads\/2017\/09\/uebung020810_005.jpg?resize=350%2C200&ssl=1","width":350,"height":200,"srcset":"https:\/\/i0.wp.com\/www.feuerwehr-pettneu.at\/wp\/wp-content\/uploads\/2017\/09\/uebung020810_005.jpg?resize=350%2C200&ssl=1 1x, https:\/\/i0.wp.com\/www.feuerwehr-pettneu.at\/wp\/wp-content\/uploads\/2017\/09\/uebung020810_005.jpg?resize=525%2C300&ssl=1 1.5x, https:\/\/i0.wp.com\/www.feuerwehr-pettneu.at\/wp\/wp-content\/uploads\/2017\/09\/uebung020810_005.jpg?resize=700%2C400&ssl=1 2x"},"classes":[]},{"id":23525,"url":"https:\/\/www.feuerwehr-pettneu.at\/wp\/einsatzuebung-im-flirscher-tunnel_11072022","url_meta":{"origin":12076,"position":4},"title":"Einsatz\u00fcbung im Flirscher Tunnel","author":"FF-Pettneu","date":"Montag, 11. Juli 2022","format":false,"excerpt":"Am Montag, den 11.07.2022 fand die j\u00e4hrlich stattfindende Einsatz\u00fcbung auf der S16 statt. \u00dcbungsannahme war heuer ein schwerer Verkehrsunfall mit mehreren verletzen Personen im Flirscher Tunnel. Die Freiwilligen Feuerwehren Flirsch, St. Jakob, St. Anton und Pettneu sowie das Rote Kreuz waren mit insgesamt 12 zum Teil schwer verletzten Personen sichtlich\u2026","rel":"","context":"In &quot;Blog&quot;","block_context":{"text":"Blog","link":"https:\/\/www.feuerwehr-pettneu.at\/wp\/category\/blog"},"img":{"alt_text":"","src":"https:\/\/i0.wp.com\/www.feuerwehr-pettneu.at\/wp\/wp-content\/uploads\/2022\/07\/uebung_s16_flirsch_11072022_047.jpg?resize=350%2C200&ssl=1","width":350,"height":200,"srcset":"https:\/\/i0.wp.com\/www.feuerwehr-pettneu.at\/wp\/wp-content\/uploads\/2022\/07\/uebung_s16_flirsch_11072022_047.jpg?resize=350%2C200&ssl=1 1x, https:\/\/i0.wp.com\/www.feuerwehr-pettneu.at\/wp\/wp-content\/uploads\/2022\/07\/uebung_s16_flirsch_11072022_047.jpg?resize=525%2C300&ssl=1 1.5x, https:\/\/i0.wp.com\/www.feuerwehr-pettneu.at\/wp\/wp-content\/uploads\/2022\/07\/uebung_s16_flirsch_11072022_047.jpg?resize=700%2C400&ssl=1 2x"},"classes":[]},{"id":20156,"url":"https:\/\/www.feuerwehr-pettneu.at\/wp\/uebung-schwerer-verkehrsunfall-auf-der-s16_09072018","url_meta":{"origin":12076,"position":5},"title":"\u00dcbung &#8222;Schwerer Verkehrsunfall auf der S16&#8220;","author":"FF-Pettneu","date":"Montag, 09. Juli 2018","format":false,"excerpt":"J\u00e4hrlich organisiert die ASFINAG w\u00e4hrend einer Sperre auf der S16 eine \u00dcbung f\u00fcr die Feuerwehr und Rettung. Dieses Jahr fand sie am 09.07.2018 um 19:50 Uhr statt. \u00dcbungsannahme war ein Verkehrsunfall im Flirscher Tunnel, dabei waren die Feuerwehren Flirsch, Schnann und Pettneu sowie die Rettung im Einsatz. Verletzte Personen mussten\u2026","rel":"","context":"In &quot;Blog&quot;","block_context":{"text":"Blog","link":"https:\/\/www.feuerwehr-pettneu.at\/wp\/category\/blog"},"img":{"alt_text":"","src":"https:\/\/i0.wp.com\/www.feuerwehr-pettneu.at\/wp\/wp-content\/uploads\/2018\/07\/uebung_s16_flirsch_09072018_19.jpg?resize=350%2C200&ssl=1","width":350,"height":200,"srcset":"https:\/\/i0.wp.com\/www.feuerwehr-pettneu.at\/wp\/wp-content\/uploads\/2018\/07\/uebung_s16_flirsch_09072018_19.jpg?resize=350%2C200&ssl=1 1x, https:\/\/i0.wp.com\/www.feuerwehr-pettneu.at\/wp\/wp-content\/uploads\/2018\/07\/uebung_s16_flirsch_09072018_19.jpg?resize=525%2C300&ssl=1 1.5x, https:\/\/i0.wp.com\/www.feuerwehr-pettneu.at\/wp\/wp-content\/uploads\/2018\/07\/uebung_s16_flirsch_09072018_19.jpg?resize=700%2C400&ssl=1 2x"},"classes":[]}],"_links":{"self":[{"href":"https:\/\/www.feuerwehr-pettneu.at\/wp\/wp-json\/wp\/v2\/posts\/12076","targetHints":{"allow":["GET"]}}],"collection":[{"href":"https:\/\/www.feuerwehr-pettneu.at\/wp\/wp-json\/wp\/v2\/posts"}],"about":[{"href":"https:\/\/www.feuerwehr-pettneu.at\/wp\/wp-json\/wp\/v2\/types\/post"}],"author":[{"embeddable":true,"href":"https:\/\/www.feuerwehr-pettneu.at\/wp\/wp-json\/wp\/v2\/users\/3"}],"replies":[{"embeddable":true,"href":"https:\/\/www.feuerwehr-pettneu.at\/wp\/wp-json\/wp\/v2\/comments?post=12076"}],"version-history":[{"count":0,"href":"https:\/\/www.feuerwehr-pettneu.at\/wp\/wp-json\/wp\/v2\/posts\/12076\/revisions"}],"wp:featuredmedia":[{"embeddable":true,"href":"https:\/\/www.feuerwehr-pettneu.at\/wp\/wp-json\/wp\/v2\/media\/13525"}],"wp:attachment":[{"href":"https:\/\/www.feuerwehr-pettneu.at\/wp\/wp-json\/wp\/v2\/media?parent=12076"}],"wp:term":[{"taxonomy":"category","embeddable":true,"href":"https:\/\/www.feuerwehr-pettneu.at\/wp\/wp-json\/wp\/v2\/categories?post=12076"},{"taxonomy":"post_tag","embeddable":true,"href":"https:\/\/www.feuerwehr-pettneu.at\/wp\/wp-json\/wp\/v2\/tags?post=12076"}],"curies":[{"name":"wp","href":"https:\/\/api.w.org\/{rel}","templated":true}]}}