{"id":12060,"date":"2014-09-26T20:22:09","date_gmt":"2014-09-26T18:22:09","guid":{"rendered":"http:\/\/www.feuerwehr-pettneu.at\/wp\/?p=12060"},"modified":"2017-09-09T08:12:21","modified_gmt":"2017-09-09T06:12:21","slug":"realheissausbildung","status":"publish","type":"post","link":"https:\/\/www.feuerwehr-pettneu.at\/wp\/realheissausbildung_26092014","title":{"rendered":"Realhei\u00dfausbildung"},"content":{"rendered":"<p>Am 26. und 27.09.2014 fand f\u00fcr 8 Atemschutztrupps aus dem Abschnitt Stanzertal eine Realhei\u00dfausbildung der Firma Firefighting aus S\u00fcdtirol in Strengen statt.<br \/>\nNach einer Theorieausbildung \u00fcber diverse Gefahren, Erkennung und Unterschied von Backdraft und Flashover ging zum Brandcontainer wo der Praxisteil stattfand. Dort konnte jeder Trupp unter Aufsicht der Ausbilder verschiedene Techniken zur Brandbek\u00e4mpfung im Innenangriff be\u00fcben. Schwerpunkte bei der heurigen \u201eHei\u00dfausbildung Teil 2\u201c waren T\u00fcr\u00f6ffnungsprozeduren, das Blocken von Rauchgasdurchz\u00fcndungen und die Rauchgask\u00fchlung.<br \/>\nF\u00fcr unsere Atemschutztr\u00e4ger ist so eine Realhei\u00dfausbildung neben der ganzen Atemschutzausbildung sehr effektiv und lehrreich.<\/p>\n<div class=\"et_pb_slider et_pb_slider_fullwidth_off et_pb_gallery_post_type\">\n\t\t\t\t<div class=\"et_pb_slides\">\n\t\t\t\t\t<div class=\"et_pb_slide\" style=\"background: url(https:\/\/www.feuerwehr-pettneu.at\/wp\/wp-content\/uploads\/2017\/08\/heissausbildung_26092014_001.jpg);\"><\/div><div class=\"et_pb_slide\" style=\"background: url(https:\/\/www.feuerwehr-pettneu.at\/wp\/wp-content\/uploads\/2017\/08\/heissausbildung_26092014_002.jpg);\"><\/div><div class=\"et_pb_slide\" style=\"background: url(https:\/\/www.feuerwehr-pettneu.at\/wp\/wp-content\/uploads\/2017\/08\/heissausbildung_26092014_003.jpg);\"><\/div><div class=\"et_pb_slide\" style=\"background: url(https:\/\/www.feuerwehr-pettneu.at\/wp\/wp-content\/uploads\/2017\/08\/heissausbildung_26092014_004.jpg);\"><\/div><div class=\"et_pb_slide\" style=\"background: url(https:\/\/www.feuerwehr-pettneu.at\/wp\/wp-content\/uploads\/2017\/08\/heissausbildung_26092014_005.jpg);\"><\/div><div class=\"et_pb_slide\" style=\"background: url(https:\/\/www.feuerwehr-pettneu.at\/wp\/wp-content\/uploads\/2017\/08\/heissausbildung_26092014_006.jpg);\"><\/div><div class=\"et_pb_slide\" style=\"background: url(https:\/\/www.feuerwehr-pettneu.at\/wp\/wp-content\/uploads\/2017\/08\/heissausbildung_26092014_007.jpg);\"><\/div><div class=\"et_pb_slide\" style=\"background: url(https:\/\/www.feuerwehr-pettneu.at\/wp\/wp-content\/uploads\/2017\/08\/heissausbildung_26092014_008.jpg);\"><\/div><div class=\"et_pb_slide\" style=\"background: url(https:\/\/www.feuerwehr-pettneu.at\/wp\/wp-content\/uploads\/2017\/08\/heissausbildung_26092014_009.jpg);\"><\/div><div class=\"et_pb_slide\" style=\"background: url(https:\/\/www.feuerwehr-pettneu.at\/wp\/wp-content\/uploads\/2017\/08\/heissausbildung_26092014_010.jpg);\"><\/div>\n\t\t\t\t<\/div>\n\t\t\t<\/div>\n","protected":false},"excerpt":{"rendered":"<p>Am 26. und 27.09.2014 fand f\u00fcr 8 Atemschutztrupps aus dem Abschnitt Stanzertal eine Realhei\u00dfausbildung der Firma Firefighting aus S\u00fcdtirol in Strengen statt. Nach einer Theorieausbildung \u00fcber diverse Gefahren, Erkennung und Unterschied von Backdraft und Flashover ging zum Brandcontainer wo der Praxisteil stattfand. Dort konnte jeder Trupp unter Aufsicht der Ausbilder verschiedene Techniken zur Brandbek\u00e4mpfung im [&hellip;]<\/p>\n","protected":false},"author":3,"featured_media":13719,"comment_status":"open","ping_status":"open","sticky":false,"template":"","format":"standard","meta":{"_et_pb_use_builder":"","_et_pb_old_content":"","_et_gb_content_width":"","_jetpack_memberships_contains_paid_content":false,"footnotes":"","jetpack_publicize_message":"","jetpack_publicize_feature_enabled":true,"jetpack_social_post_already_shared":true,"jetpack_social_options":{"image_generator_settings":{"template":"highway","default_image_id":0,"font":"","enabled":false},"version":2}},"categories":[1,3],"tags":[],"class_list":["post-12060","post","type-post","status-publish","format-standard","has-post-thumbnail","hentry","category-blog","category-uebungen"],"jetpack_publicize_connections":[],"jetpack_featured_media_url":"https:\/\/www.feuerwehr-pettneu.at\/wp\/wp-content\/uploads\/2017\/08\/heissausbildung_26092014_005.jpg","jetpack_sharing_enabled":true,"jetpack-related-posts":[{"id":12259,"url":"https:\/\/www.feuerwehr-pettneu.at\/wp\/heissausbildung_10102012","url_meta":{"origin":12060,"position":0},"title":"Heissausbildung","author":"Paul Nothdurfter","date":"Mittwoch, 10. Oktober 2012","format":false,"excerpt":"Am 10.10.2012 waren 3 Atemschutztr\u00e4ger der FF-Pettneu mit weiteren Kameraden des Abschnittes bei einer Heissausbildung in St.Jakob. In Zusammenarbeit mit der Firma Fireflash wurde der Flashover und Backdraft Realit\u00e4tsnah ge\u00fcbt. Die Vorgehensweise bei einem Innenangriff ist f\u00fcr Feuerwehrleute nicht ganz ungef\u00e4hrlich daher ist ein solches Training f\u00fcr die Sicherheit der\u2026","rel":"","context":"In &quot;Blog&quot;","block_context":{"text":"Blog","link":"https:\/\/www.feuerwehr-pettneu.at\/wp\/category\/blog"},"img":{"alt_text":"","src":"https:\/\/i0.wp.com\/www.feuerwehr-pettneu.at\/wp\/wp-content\/uploads\/2017\/08\/brandcontainer_10102012_009.jpg?resize=350%2C200&ssl=1","width":350,"height":200,"srcset":"https:\/\/i0.wp.com\/www.feuerwehr-pettneu.at\/wp\/wp-content\/uploads\/2017\/08\/brandcontainer_10102012_009.jpg?resize=350%2C200&ssl=1 1x, https:\/\/i0.wp.com\/www.feuerwehr-pettneu.at\/wp\/wp-content\/uploads\/2017\/08\/brandcontainer_10102012_009.jpg?resize=525%2C300&ssl=1 1.5x, https:\/\/i0.wp.com\/www.feuerwehr-pettneu.at\/wp\/wp-content\/uploads\/2017\/08\/brandcontainer_10102012_009.jpg?resize=700%2C400&ssl=1 2x"},"classes":[]},{"id":13434,"url":"https:\/\/www.feuerwehr-pettneu.at\/wp\/atemschutz-brandhausschulung_19112009","url_meta":{"origin":12060,"position":1},"title":"Atemschutz Brandhausschulung","author":"Paul Nothdurfter","date":"Donnerstag, 19. November 2009","format":false,"excerpt":"Am 19.11.2009 war die FF-Pettneu mit 4 Atemschutztrupps bei einer Weiterbildung im Brandhaus der Landesfeuerwehrschule in Telfs. Das Brandhaus dient zur Aus- und Weiterbildung von Atemschutztr\u00e4gern. Dazu stehen 3 Brandr\u00e4ume (K\u00fcche, Schlafzimmer, Werkst\u00e4tte) mit insgesamt 10 erdgasbetriebenen Brandstellen zur Verf\u00fcgung. Der Vorteil des Brandhauses besteht darin dass man das Erlernte\u2026","rel":"","context":"In &quot;Blog&quot;","block_context":{"text":"Blog","link":"https:\/\/www.feuerwehr-pettneu.at\/wp\/category\/blog"},"img":{"alt_text":"","src":"https:\/\/i0.wp.com\/www.feuerwehr-pettneu.at\/wp\/wp-content\/uploads\/2017\/08\/brandhaus191109_021.jpg?resize=350%2C200&ssl=1","width":350,"height":200,"srcset":"https:\/\/i0.wp.com\/www.feuerwehr-pettneu.at\/wp\/wp-content\/uploads\/2017\/08\/brandhaus191109_021.jpg?resize=350%2C200&ssl=1 1x, https:\/\/i0.wp.com\/www.feuerwehr-pettneu.at\/wp\/wp-content\/uploads\/2017\/08\/brandhaus191109_021.jpg?resize=525%2C300&ssl=1 1.5x, https:\/\/i0.wp.com\/www.feuerwehr-pettneu.at\/wp\/wp-content\/uploads\/2017\/08\/brandhaus191109_021.jpg?resize=700%2C400&ssl=1 2x"},"classes":[]},{"id":24071,"url":"https:\/\/www.feuerwehr-pettneu.at\/wp\/brandcontainerausbildung-2022_12112022","url_meta":{"origin":12060,"position":2},"title":"Brandcontainerausbildung 2022","author":"FF-Pettneu","date":"Samstag, 12. November 2022","format":false,"excerpt":"Am Samstag, den 12.11.2022 stand wieder f\u00fcr 6 Atemschutztr\u00e4ger der Feuerwehr Pettneu eine Brandcontainerausbildung am Programm. Die Ausbildung wurde in Zusammenarbeit mit der der Firma Firefighting aus S\u00fcdtirol durchgef\u00fchrt. Die Brandcontainerausbildung besteht aus zwei Teilen: Im ersten Teil wird theoretisch besprochen, welche Gefahren ein Atemschutzeinsatz mit sich bringen kann, wie\u2026","rel":"","context":"In &quot;Blog&quot;","block_context":{"text":"Blog","link":"https:\/\/www.feuerwehr-pettneu.at\/wp\/category\/blog"},"img":{"alt_text":"","src":"https:\/\/i0.wp.com\/www.feuerwehr-pettneu.at\/wp\/wp-content\/uploads\/2022\/11\/brandcontainer_12112022_006.jpg?resize=350%2C200&ssl=1","width":350,"height":200,"srcset":"https:\/\/i0.wp.com\/www.feuerwehr-pettneu.at\/wp\/wp-content\/uploads\/2022\/11\/brandcontainer_12112022_006.jpg?resize=350%2C200&ssl=1 1x, https:\/\/i0.wp.com\/www.feuerwehr-pettneu.at\/wp\/wp-content\/uploads\/2022\/11\/brandcontainer_12112022_006.jpg?resize=525%2C300&ssl=1 1.5x, https:\/\/i0.wp.com\/www.feuerwehr-pettneu.at\/wp\/wp-content\/uploads\/2022\/11\/brandcontainer_12112022_006.jpg?resize=700%2C400&ssl=1 2x"},"classes":[]},{"id":17607,"url":"https:\/\/www.feuerwehr-pettneu.at\/wp\/brandcontainerausbildung_16092017","url_meta":{"origin":12060,"position":3},"title":"Brandcontainerausbildung","author":"FF-Pettneu","date":"Samstag, 16. September 2017","format":false,"excerpt":"Am Samstag den 16.09.2017 stand wieder f\u00fcr 3 Atemschutztr\u00e4ger der Feuerwehr Pettneu eine Brandcontainerausbildung am Programm. Die Ausbildung wurde von der Firma Firefighting aus S\u00fcdtirol vorgenommen. Die Brandcontainerausbildung besteht aus zwei Teilen, wobei im ersten Teil theoretisch besprochen wurde was f\u00fcr Gefahren ein Atemschutzeinsatz mit sich bringt, wie man Gefahrensituationen\u2026","rel":"","context":"In &quot;Blog&quot;","block_context":{"text":"Blog","link":"https:\/\/www.feuerwehr-pettneu.at\/wp\/category\/blog"},"img":{"alt_text":"","src":"https:\/\/i0.wp.com\/www.feuerwehr-pettneu.at\/wp\/wp-content\/uploads\/2017\/09\/brandcontainer_16092017_005.jpg?resize=350%2C200&ssl=1","width":350,"height":200,"srcset":"https:\/\/i0.wp.com\/www.feuerwehr-pettneu.at\/wp\/wp-content\/uploads\/2017\/09\/brandcontainer_16092017_005.jpg?resize=350%2C200&ssl=1 1x, https:\/\/i0.wp.com\/www.feuerwehr-pettneu.at\/wp\/wp-content\/uploads\/2017\/09\/brandcontainer_16092017_005.jpg?resize=525%2C300&ssl=1 1.5x, https:\/\/i0.wp.com\/www.feuerwehr-pettneu.at\/wp\/wp-content\/uploads\/2017\/09\/brandcontainer_16092017_005.jpg?resize=700%2C400&ssl=1 2x"},"classes":[]},{"id":23286,"url":"https:\/\/www.feuerwehr-pettneu.at\/wp\/atemschutz-teilabschnittsuebungin-pettneu_30052022","url_meta":{"origin":12060,"position":4},"title":"Atemschutz Teilabschnitts\u00fcbungin Pettneu","author":"FF-Pettneu","date":"Montag, 30. Mai 2022","format":false,"excerpt":"Am 30. Mai 2022 fand gegen 20 Uhr die Atemschutzteilabschnitts\u00fcbung des oberen Stanzertals in Pettneu statt zugleich war dies f\u00fcr unsere Feuerwehr auch die monatliche Vollprobe. \u00dcbungsannahme war ein L\u00fcftungsbrand mit vermissten Personen im \u00f6rtlichen Schwimmbad der Gemeinde Pettneu. Die Schwierigkeit der \u00dcbung bestand darin, dass Brandobjekt aufgrund seiner Gr\u00f6\u00dfe\u2026","rel":"","context":"In &quot;Blog&quot;","block_context":{"text":"Blog","link":"https:\/\/www.feuerwehr-pettneu.at\/wp\/category\/blog"},"img":{"alt_text":"","src":"https:\/\/i0.wp.com\/www.feuerwehr-pettneu.at\/wp\/wp-content\/uploads\/2022\/06\/ats_teilabschnittsuebung_30052022_028.jpg?resize=350%2C200&ssl=1","width":350,"height":200,"srcset":"https:\/\/i0.wp.com\/www.feuerwehr-pettneu.at\/wp\/wp-content\/uploads\/2022\/06\/ats_teilabschnittsuebung_30052022_028.jpg?resize=350%2C200&ssl=1 1x, https:\/\/i0.wp.com\/www.feuerwehr-pettneu.at\/wp\/wp-content\/uploads\/2022\/06\/ats_teilabschnittsuebung_30052022_028.jpg?resize=525%2C300&ssl=1 1.5x, https:\/\/i0.wp.com\/www.feuerwehr-pettneu.at\/wp\/wp-content\/uploads\/2022\/06\/ats_teilabschnittsuebung_30052022_028.jpg?resize=700%2C400&ssl=1 2x"},"classes":[]},{"id":23323,"url":"https:\/\/www.feuerwehr-pettneu.at\/wp\/vollprobe-gemeindehaus-neu_13062022","url_meta":{"origin":12060,"position":5},"title":"Vollprobe Gemeindehaus &#8222;Neu&#8220;","author":"Paul Nothdurfter","date":"Montag, 13. Juni 2022","format":false,"excerpt":"Eine weitere Branddienst\u00fcbung stand am 13.06.2022, um 19.30 Uhr auf unserem \u00dcbungskalender. Zum ersten Mal waren wir mit einer \u00dcbung im neuen Gemeindehaus zu Gast. \u00dcbungsannahme war, dass durch eine starke Rauchentwicklung im Kellerbereich die Brandmeldeanlage ausgel\u00f6st wurde. Es war nicht bekannt wie viele vermisste Personen im Geb\u00e4ude sind. Die\u2026","rel":"","context":"In &quot;Blog&quot;","block_context":{"text":"Blog","link":"https:\/\/www.feuerwehr-pettneu.at\/wp\/category\/blog"},"img":{"alt_text":"","src":"https:\/\/i0.wp.com\/www.feuerwehr-pettneu.at\/wp\/wp-content\/uploads\/2022\/06\/vollprobe_gemeinehaus_neu_13062022_013.jpg?resize=350%2C200&ssl=1","width":350,"height":200,"srcset":"https:\/\/i0.wp.com\/www.feuerwehr-pettneu.at\/wp\/wp-content\/uploads\/2022\/06\/vollprobe_gemeinehaus_neu_13062022_013.jpg?resize=350%2C200&ssl=1 1x, https:\/\/i0.wp.com\/www.feuerwehr-pettneu.at\/wp\/wp-content\/uploads\/2022\/06\/vollprobe_gemeinehaus_neu_13062022_013.jpg?resize=525%2C300&ssl=1 1.5x, https:\/\/i0.wp.com\/www.feuerwehr-pettneu.at\/wp\/wp-content\/uploads\/2022\/06\/vollprobe_gemeinehaus_neu_13062022_013.jpg?resize=700%2C400&ssl=1 2x"},"classes":[]}],"_links":{"self":[{"href":"https:\/\/www.feuerwehr-pettneu.at\/wp\/wp-json\/wp\/v2\/posts\/12060","targetHints":{"allow":["GET"]}}],"collection":[{"href":"https:\/\/www.feuerwehr-pettneu.at\/wp\/wp-json\/wp\/v2\/posts"}],"about":[{"href":"https:\/\/www.feuerwehr-pettneu.at\/wp\/wp-json\/wp\/v2\/types\/post"}],"author":[{"embeddable":true,"href":"https:\/\/www.feuerwehr-pettneu.at\/wp\/wp-json\/wp\/v2\/users\/3"}],"replies":[{"embeddable":true,"href":"https:\/\/www.feuerwehr-pettneu.at\/wp\/wp-json\/wp\/v2\/comments?post=12060"}],"version-history":[{"count":0,"href":"https:\/\/www.feuerwehr-pettneu.at\/wp\/wp-json\/wp\/v2\/posts\/12060\/revisions"}],"wp:featuredmedia":[{"embeddable":true,"href":"https:\/\/www.feuerwehr-pettneu.at\/wp\/wp-json\/wp\/v2\/media\/13719"}],"wp:attachment":[{"href":"https:\/\/www.feuerwehr-pettneu.at\/wp\/wp-json\/wp\/v2\/media?parent=12060"}],"wp:term":[{"taxonomy":"category","embeddable":true,"href":"https:\/\/www.feuerwehr-pettneu.at\/wp\/wp-json\/wp\/v2\/categories?post=12060"},{"taxonomy":"post_tag","embeddable":true,"href":"https:\/\/www.feuerwehr-pettneu.at\/wp\/wp-json\/wp\/v2\/tags?post=12060"}],"curies":[{"name":"wp","href":"https:\/\/api.w.org\/{rel}","templated":true}]}}