{"id":12016,"date":"2015-09-26T19:56:54","date_gmt":"2015-09-26T17:56:54","guid":{"rendered":"http:\/\/www.feuerwehr-pettneu.at\/wp\/?p=12016"},"modified":"2017-09-01T10:52:48","modified_gmt":"2017-09-01T08:52:48","slug":"abschnittsuebung-in-schnann","status":"publish","type":"post","link":"https:\/\/www.feuerwehr-pettneu.at\/wp\/abschnittsuebung-in-schnann_26092015","title":{"rendered":"Abschnitts\u00fcbung in Schnann"},"content":{"rendered":"<p>Am Samstag den 26.09.2015 fand die allj\u00e4hrliche Abschnitts\u00fcbung in Schnann statt. \u00dcbungsannahme war ein Wirtschaftsgeb\u00e4udebrand beim Landhaus Wolf. Die Einsatzleitung \u00fcbernahm die Feuerwehr Schnann! Aufgabe f\u00fcr uns war ein Innenangriff mittels Atemschutz \u00fcber die S\u00fcdseite des Geb\u00e4udes, weiters legten wir eine Zubringerleitung von einem Hydranten im Ortszentrum zu unserem TLF. Die Wasserversorgung wurde durch die Feuerwehren aus Strengen und Pians von der Rosanna aus sichergestellt!<\/p>\n<div class=\"et_pb_slider et_pb_slider_fullwidth_off et_pb_gallery_post_type\">\n\t\t\t\t<div class=\"et_pb_slides\">\n\t\t\t\t\t<div class=\"et_pb_slide\" style=\"background: url(https:\/\/www.feuerwehr-pettneu.at\/wp\/wp-content\/uploads\/2017\/08\/abschnittsuebung_schnann_26092015_001.jpg);\"><\/div><div class=\"et_pb_slide\" style=\"background: url(https:\/\/www.feuerwehr-pettneu.at\/wp\/wp-content\/uploads\/2017\/08\/abschnittsuebung_schnann_26092015_002.jpg);\"><\/div><div class=\"et_pb_slide\" style=\"background: url(https:\/\/www.feuerwehr-pettneu.at\/wp\/wp-content\/uploads\/2017\/08\/abschnittsuebung_schnann_26092015_003.jpg);\"><\/div><div class=\"et_pb_slide\" style=\"background: url(https:\/\/www.feuerwehr-pettneu.at\/wp\/wp-content\/uploads\/2017\/08\/abschnittsuebung_schnann_26092015_004.jpg);\"><\/div><div class=\"et_pb_slide\" style=\"background: url(https:\/\/www.feuerwehr-pettneu.at\/wp\/wp-content\/uploads\/2017\/08\/abschnittsuebung_schnann_26092015_005.jpg);\"><\/div><div class=\"et_pb_slide\" style=\"background: url(https:\/\/www.feuerwehr-pettneu.at\/wp\/wp-content\/uploads\/2017\/08\/abschnittsuebung_schnann_26092015_006.jpg);\"><\/div><div class=\"et_pb_slide\" style=\"background: url(https:\/\/www.feuerwehr-pettneu.at\/wp\/wp-content\/uploads\/2017\/08\/abschnittsuebung_schnann_26092015_007.jpg);\"><\/div><div class=\"et_pb_slide\" style=\"background: url(https:\/\/www.feuerwehr-pettneu.at\/wp\/wp-content\/uploads\/2017\/08\/abschnittsuebung_schnann_26092015_008.jpg);\"><\/div><div class=\"et_pb_slide\" style=\"background: url(https:\/\/www.feuerwehr-pettneu.at\/wp\/wp-content\/uploads\/2017\/08\/abschnittsuebung_schnann_26092015_009.jpg);\"><\/div><div class=\"et_pb_slide\" style=\"background: url(https:\/\/www.feuerwehr-pettneu.at\/wp\/wp-content\/uploads\/2017\/08\/abschnittsuebung_schnann_26092015_010.jpg);\"><\/div><div class=\"et_pb_slide\" style=\"background: url(https:\/\/www.feuerwehr-pettneu.at\/wp\/wp-content\/uploads\/2017\/08\/abschnittsuebung_schnann_26092015_011.jpg);\"><\/div><div class=\"et_pb_slide\" style=\"background: url(https:\/\/www.feuerwehr-pettneu.at\/wp\/wp-content\/uploads\/2017\/08\/abschnittsuebung_schnann_26092015_012.jpg);\"><\/div><div class=\"et_pb_slide\" style=\"background: url(https:\/\/www.feuerwehr-pettneu.at\/wp\/wp-content\/uploads\/2017\/08\/abschnittsuebung_schnann_26092015_013.jpg);\"><\/div><div class=\"et_pb_slide\" style=\"background: url(https:\/\/www.feuerwehr-pettneu.at\/wp\/wp-content\/uploads\/2017\/08\/abschnittsuebung_schnann_26092015_014.jpg);\"><\/div>\n\t\t\t\t<\/div>\n\t\t\t<\/div>\n","protected":false},"excerpt":{"rendered":"<p>Am Samstag den 26.09.2015 fand die allj\u00e4hrliche Abschnitts\u00fcbung in Schnann statt. \u00dcbungsannahme war ein Wirtschaftsgeb\u00e4udebrand beim Landhaus Wolf. Die Einsatzleitung \u00fcbernahm die Feuerwehr Schnann! Aufgabe f\u00fcr uns war ein Innenangriff mittels Atemschutz \u00fcber die S\u00fcdseite des Geb\u00e4udes, weiters legten wir eine Zubringerleitung von einem Hydranten im Ortszentrum zu unserem TLF. Die Wasserversorgung wurde durch die [&hellip;]<\/p>\n","protected":false},"author":3,"featured_media":9712,"comment_status":"open","ping_status":"open","sticky":false,"template":"","format":"standard","meta":{"_et_pb_use_builder":"","_et_pb_old_content":"","_et_gb_content_width":"","_jetpack_memberships_contains_paid_content":false,"footnotes":"","jetpack_publicize_message":"","jetpack_publicize_feature_enabled":true,"jetpack_social_post_already_shared":true,"jetpack_social_options":{"image_generator_settings":{"template":"highway","default_image_id":0,"font":"","enabled":false},"version":2}},"categories":[1,3],"tags":[],"class_list":["post-12016","post","type-post","status-publish","format-standard","has-post-thumbnail","hentry","category-blog","category-uebungen"],"jetpack_publicize_connections":[],"jetpack_featured_media_url":"https:\/\/www.feuerwehr-pettneu.at\/wp\/wp-content\/uploads\/2017\/08\/abschnittsuebung_schnann_26092015_009.jpg","jetpack_sharing_enabled":true,"jetpack-related-posts":[{"id":23859,"url":"https:\/\/www.feuerwehr-pettneu.at\/wp\/abschnittsuebung-2022-in-schnann_26092022","url_meta":{"origin":12016,"position":0},"title":"Abschnitts\u00fcbung 2022 in Schnann","author":"FF-Pettneu","date":"Montag, 26. September 2022","format":false,"excerpt":"Am Montag, den 26.09.2022 fand die diesj\u00e4hrige Abschnitts\u00fcbung der Feuerwehren St. Anton, Pettneu, Schnann, Strengen und Pians in Schnann statt. Um ca. 19:10 Uhr wurden wir mit unserem TLF gemeinsam mit den Feuerwehren des Abschnittes Stanzertales zum Brandobjekt alarmiert. Es handelte sich dabei um ein Brand in einem Wirtschaftsgeb\u00e4ude, in\u2026","rel":"","context":"In &quot;Blog&quot;","block_context":{"text":"Blog","link":"https:\/\/www.feuerwehr-pettneu.at\/wp\/category\/blog"},"img":{"alt_text":"","src":"https:\/\/i0.wp.com\/www.feuerwehr-pettneu.at\/wp\/wp-content\/uploads\/2022\/09\/abschnittsuebung_schnann_26092022_002.jpg?resize=350%2C200&ssl=1","width":350,"height":200,"srcset":"https:\/\/i0.wp.com\/www.feuerwehr-pettneu.at\/wp\/wp-content\/uploads\/2022\/09\/abschnittsuebung_schnann_26092022_002.jpg?resize=350%2C200&ssl=1 1x, https:\/\/i0.wp.com\/www.feuerwehr-pettneu.at\/wp\/wp-content\/uploads\/2022\/09\/abschnittsuebung_schnann_26092022_002.jpg?resize=525%2C300&ssl=1 1.5x, https:\/\/i0.wp.com\/www.feuerwehr-pettneu.at\/wp\/wp-content\/uploads\/2022\/09\/abschnittsuebung_schnann_26092022_002.jpg?resize=700%2C400&ssl=1 2x"},"classes":[]},{"id":13438,"url":"https:\/\/www.feuerwehr-pettneu.at\/wp\/abschnittsuebung-in-schnann-2_03102009","url_meta":{"origin":12016,"position":1},"title":"Abschnitts\u00fcbung in Schnann","author":"Paul Nothdurfter","date":"Samstag, 03. Oktober 2009","format":false,"excerpt":"Am Samstag den 03.10.2009 fand die diesj\u00e4hrige Abschnitts\u00fcbung der Feuerwehren des Abschnittes Stanzertal in Schnann statt. Die teilnehmenden Feuerwehren St.Anton, Lg.St. Jakob, Pettneu, Schnann, Flirsch, Strengen und Pians wurden in drei Gruppen eingeteilt. Die \u00dcbung f\u00fcr die Feuerwehr Pettneu und Pians, war ein abgest\u00fcrztes Fahrzeug in der Schnanner Klamm zu\u2026","rel":"","context":"In &quot;Blog&quot;","block_context":{"text":"Blog","link":"https:\/\/www.feuerwehr-pettneu.at\/wp\/category\/blog"},"img":{"alt_text":"","src":"https:\/\/i0.wp.com\/www.feuerwehr-pettneu.at\/wp\/wp-content\/uploads\/2017\/08\/taluebung031009_001.jpg?resize=350%2C200&ssl=1","width":350,"height":200,"srcset":"https:\/\/i0.wp.com\/www.feuerwehr-pettneu.at\/wp\/wp-content\/uploads\/2017\/08\/taluebung031009_001.jpg?resize=350%2C200&ssl=1 1x, https:\/\/i0.wp.com\/www.feuerwehr-pettneu.at\/wp\/wp-content\/uploads\/2017\/08\/taluebung031009_001.jpg?resize=525%2C300&ssl=1 1.5x"},"classes":[]},{"id":21622,"url":"https:\/\/www.feuerwehr-pettneu.at\/wp\/abschnittsuebung-in-strengen-2_09082019","url_meta":{"origin":12016,"position":2},"title":"Abschnitts\u00fcbung in Strengen","author":"FF-Pettneu","date":"Freitag, 09. August 2019","format":false,"excerpt":"Am Freitag, den 09.08.2019 fand um 19:30 Uhr die diesj\u00e4hrige Abschnitts\u00fcbung in Strengen statt. Von der Feuerwehr Strengen wurden dem Bezirkskommando f\u00fcnf \u00dcbungsobjekte bekannt gegeben. Schlussendlich wurde vom Bezirkskommando ein \u201eGeb\u00e4udebrand im Grieshof\u201c als \u00dcbungsobjekt vorbereitet. Unsere Aufgabe war es, in Zusammenarbeit mit den Feuerwehren Flirsch, Schnann und St. Jakob\u2026","rel":"","context":"In &quot;Blog&quot;","block_context":{"text":"Blog","link":"https:\/\/www.feuerwehr-pettneu.at\/wp\/category\/blog"},"img":{"alt_text":"","src":"https:\/\/i0.wp.com\/www.feuerwehr-pettneu.at\/wp\/wp-content\/uploads\/2019\/08\/abschnittsuebung_strengen_09082019_003.jpg?resize=350%2C200&ssl=1","width":350,"height":200,"srcset":"https:\/\/i0.wp.com\/www.feuerwehr-pettneu.at\/wp\/wp-content\/uploads\/2019\/08\/abschnittsuebung_strengen_09082019_003.jpg?resize=350%2C200&ssl=1 1x, https:\/\/i0.wp.com\/www.feuerwehr-pettneu.at\/wp\/wp-content\/uploads\/2019\/08\/abschnittsuebung_strengen_09082019_003.jpg?resize=525%2C300&ssl=1 1.5x, https:\/\/i0.wp.com\/www.feuerwehr-pettneu.at\/wp\/wp-content\/uploads\/2019\/08\/abschnittsuebung_strengen_09082019_003.jpg?resize=700%2C400&ssl=1 2x"},"classes":[]},{"id":11986,"url":"https:\/\/www.feuerwehr-pettneu.at\/wp\/abschnittsuebung-s16-2_25072016","url_meta":{"origin":12016,"position":3},"title":"Abschnitts\u00fcbung S16","author":"Paul Nothdurfter","date":"Montag, 25. Juli 2016","format":false,"excerpt":"Am 25.07.2016 fand auf der S16 Arlbergschnellstra\u00dfe eine Abschnitts\u00fcbung des Abschnittes Stanzertal statt. \u00dcbungsannahme war ein schwerer Verkehrsunfall mit drei Fahrzeugen in der Maienbachgalerie. Zeitgleich wurde auf der Freistrecke H\u00f6he der Raststation Schnann ein weiterer Verkehrsunfall mit zwei PKW und einem LKW bei der Leitstelle Tirol gemeldet. An beiden \u00dcbungsschaupl\u00e4tzen\u2026","rel":"","context":"In &quot;Blog&quot;","block_context":{"text":"Blog","link":"https:\/\/www.feuerwehr-pettneu.at\/wp\/category\/blog"},"img":{"alt_text":"","src":"https:\/\/i0.wp.com\/www.feuerwehr-pettneu.at\/wp\/wp-content\/uploads\/2017\/08\/abschnittsuebung_s16_25072016_033.jpg?resize=350%2C200&ssl=1","width":350,"height":200,"srcset":"https:\/\/i0.wp.com\/www.feuerwehr-pettneu.at\/wp\/wp-content\/uploads\/2017\/08\/abschnittsuebung_s16_25072016_033.jpg?resize=350%2C200&ssl=1 1x, https:\/\/i0.wp.com\/www.feuerwehr-pettneu.at\/wp\/wp-content\/uploads\/2017\/08\/abschnittsuebung_s16_25072016_033.jpg?resize=525%2C300&ssl=1 1.5x, https:\/\/i0.wp.com\/www.feuerwehr-pettneu.at\/wp\/wp-content\/uploads\/2017\/08\/abschnittsuebung_s16_25072016_033.jpg?resize=700%2C400&ssl=1 2x"},"classes":[]},{"id":22815,"url":"https:\/\/www.feuerwehr-pettneu.at\/wp\/abschnittsuebung-in-flirsch-2_06092021","url_meta":{"origin":12016,"position":4},"title":"Abschnitts\u00fcbung in Flirsch","author":"FF-Pettneu","date":"Montag, 06. September 2021","format":false,"excerpt":"Die Feuerwehren des Abschnittes Stanzertal \u00fcbten am 06.09.2021 den Ernstfall bei einer gro\u00dfen \u00dcbung in Flirsch. Bei der diesj\u00e4hrigen Abschnitts\u00fcbung des Abschnitt Stanzertal in Flirsch galt es f\u00fcr die Feuerwehren aus Pians, Strengen, Flirsch, Schnann, Pettneu und St. Anton am Arlberg einen Brand eines Bauerhofes zu l\u00f6schen. F\u00fcr die Brandbek\u00e4mpfung\u2026","rel":"","context":"In &quot;Blog&quot;","block_context":{"text":"Blog","link":"https:\/\/www.feuerwehr-pettneu.at\/wp\/category\/blog"},"img":{"alt_text":"","src":"https:\/\/i0.wp.com\/www.feuerwehr-pettneu.at\/wp\/wp-content\/uploads\/2021\/09\/abschnittsuebung_flirsch_06092021_001.jpg?resize=350%2C200&ssl=1","width":350,"height":200,"srcset":"https:\/\/i0.wp.com\/www.feuerwehr-pettneu.at\/wp\/wp-content\/uploads\/2021\/09\/abschnittsuebung_flirsch_06092021_001.jpg?resize=350%2C200&ssl=1 1x, https:\/\/i0.wp.com\/www.feuerwehr-pettneu.at\/wp\/wp-content\/uploads\/2021\/09\/abschnittsuebung_flirsch_06092021_001.jpg?resize=525%2C300&ssl=1 1.5x, https:\/\/i0.wp.com\/www.feuerwehr-pettneu.at\/wp\/wp-content\/uploads\/2021\/09\/abschnittsuebung_flirsch_06092021_001.jpg?resize=700%2C400&ssl=1 2x"},"classes":[]},{"id":24499,"url":"https:\/\/www.feuerwehr-pettneu.at\/wp\/abschnittsuebung-2023-in-pettneu_08052023","url_meta":{"origin":12016,"position":5},"title":"Abschnitts\u00fcbung 2023 in Pettneu","author":"FF-Pettneu","date":"Montag, 08. Mai 2023","format":false,"excerpt":"Am Montag, 08. Mai 2023 fand die diesj\u00e4hrige Abschnitts\u00fcbung der Feuerwehren des Abschnittes Stanzertal in unserem Gemeindegebiet statt. Gegen 20 Uhr wurde daher wie im Ernstfall, die zust\u00e4ndige Ortsfeuerwehr Pettneu mittels Sirenenprobealarm sowie Pageralarmierung zum \u00dcbungsobjekt \u201eBrand in einem Wirtschaftsgeb\u00e4ude\u201c alarmiert. Die \u00dcbungs\u00f6rtlichkeit befand sich im Ortsteil Vadiesen, in einem\u2026","rel":"","context":"In &quot;Blog&quot;","block_context":{"text":"Blog","link":"https:\/\/www.feuerwehr-pettneu.at\/wp\/category\/blog"},"img":{"alt_text":"","src":"https:\/\/i0.wp.com\/www.feuerwehr-pettneu.at\/wp\/wp-content\/uploads\/2023\/05\/abschnittsuebung_pettneu_08052023_061.jpg?resize=350%2C200&ssl=1","width":350,"height":200,"srcset":"https:\/\/i0.wp.com\/www.feuerwehr-pettneu.at\/wp\/wp-content\/uploads\/2023\/05\/abschnittsuebung_pettneu_08052023_061.jpg?resize=350%2C200&ssl=1 1x, https:\/\/i0.wp.com\/www.feuerwehr-pettneu.at\/wp\/wp-content\/uploads\/2023\/05\/abschnittsuebung_pettneu_08052023_061.jpg?resize=525%2C300&ssl=1 1.5x, https:\/\/i0.wp.com\/www.feuerwehr-pettneu.at\/wp\/wp-content\/uploads\/2023\/05\/abschnittsuebung_pettneu_08052023_061.jpg?resize=700%2C400&ssl=1 2x"},"classes":[]}],"_links":{"self":[{"href":"https:\/\/www.feuerwehr-pettneu.at\/wp\/wp-json\/wp\/v2\/posts\/12016","targetHints":{"allow":["GET"]}}],"collection":[{"href":"https:\/\/www.feuerwehr-pettneu.at\/wp\/wp-json\/wp\/v2\/posts"}],"about":[{"href":"https:\/\/www.feuerwehr-pettneu.at\/wp\/wp-json\/wp\/v2\/types\/post"}],"author":[{"embeddable":true,"href":"https:\/\/www.feuerwehr-pettneu.at\/wp\/wp-json\/wp\/v2\/users\/3"}],"replies":[{"embeddable":true,"href":"https:\/\/www.feuerwehr-pettneu.at\/wp\/wp-json\/wp\/v2\/comments?post=12016"}],"version-history":[{"count":0,"href":"https:\/\/www.feuerwehr-pettneu.at\/wp\/wp-json\/wp\/v2\/posts\/12016\/revisions"}],"wp:featuredmedia":[{"embeddable":true,"href":"https:\/\/www.feuerwehr-pettneu.at\/wp\/wp-json\/wp\/v2\/media\/9712"}],"wp:attachment":[{"href":"https:\/\/www.feuerwehr-pettneu.at\/wp\/wp-json\/wp\/v2\/media?parent=12016"}],"wp:term":[{"taxonomy":"category","embeddable":true,"href":"https:\/\/www.feuerwehr-pettneu.at\/wp\/wp-json\/wp\/v2\/categories?post=12016"},{"taxonomy":"post_tag","embeddable":true,"href":"https:\/\/www.feuerwehr-pettneu.at\/wp\/wp-json\/wp\/v2\/tags?post=12016"}],"curies":[{"name":"wp","href":"https:\/\/api.w.org\/{rel}","templated":true}]}}