{"id":11944,"date":"2008-08-30T16:48:49","date_gmt":"2008-08-30T14:48:49","guid":{"rendered":"http:\/\/www.feuerwehr-pettneu.at\/wp\/?p=11944"},"modified":"2017-10-11T08:25:56","modified_gmt":"2017-10-11T06:25:56","slug":"gratulation-zum-70er","status":"publish","type":"post","link":"https:\/\/www.feuerwehr-pettneu.at\/wp\/gratulation-zum-70er_30082008","title":{"rendered":"Gratulation zum 70er"},"content":{"rendered":"<p>Am 30.08.2008 konnte unser Ehrenmitglied und Ehrenkommandant Heinrich Lampacher seinen 70igsten Geburtstag feiern. Dazu gratulieren wir Ihm im Namen der Feuerwehr Pettneu recht herzlich und w\u00fcnschen weiterhin alles Gute.<\/p>\n<div class=\"et_pb_slider et_pb_slider_fullwidth_off et_pb_gallery_post_type\">\n\t\t\t\t<div class=\"et_pb_slides\">\n\t\t\t\t\t<div class=\"et_pb_slide\" style=\"background: url(https:\/\/www.feuerwehr-pettneu.at\/wp\/wp-content\/uploads\/2017\/08\/geb_heini_2008_001.jpg);\"><\/div><div class=\"et_pb_slide\" style=\"background: url(https:\/\/www.feuerwehr-pettneu.at\/wp\/wp-content\/uploads\/2017\/08\/geb_heini_2008_002.jpg);\"><\/div><div class=\"et_pb_slide\" style=\"background: url(https:\/\/www.feuerwehr-pettneu.at\/wp\/wp-content\/uploads\/2017\/08\/geb_heini_2008_003.jpg);\"><\/div><div class=\"et_pb_slide\" style=\"background: url(https:\/\/www.feuerwehr-pettneu.at\/wp\/wp-content\/uploads\/2017\/08\/geb_heini_2008_004.jpg);\"><\/div><div class=\"et_pb_slide\" style=\"background: url(https:\/\/www.feuerwehr-pettneu.at\/wp\/wp-content\/uploads\/2017\/08\/geb_heini_2008_005.jpg);\"><\/div><div class=\"et_pb_slide\" style=\"background: url(https:\/\/www.feuerwehr-pettneu.at\/wp\/wp-content\/uploads\/2017\/08\/geb_heini_2008_006.jpg);\"><\/div><div class=\"et_pb_slide\" style=\"background: url(https:\/\/www.feuerwehr-pettneu.at\/wp\/wp-content\/uploads\/2017\/08\/geb_heini_2008_007.jpg);\"><\/div><div class=\"et_pb_slide\" style=\"background: url(https:\/\/www.feuerwehr-pettneu.at\/wp\/wp-content\/uploads\/2017\/08\/geb_heini_2008_008.jpg);\"><\/div>\n\t\t\t\t<\/div>\n\t\t\t<\/div>\n","protected":false},"excerpt":{"rendered":"<p>Am 30.08.2008 konnte unser Ehrenmitglied und Ehrenkommandant Heinrich Lampacher seinen 70igsten Geburtstag feiern. Dazu gratulieren wir Ihm im Namen der Feuerwehr Pettneu recht herzlich und w\u00fcnschen weiterhin alles Gute.<\/p>\n","protected":false},"author":3,"featured_media":16293,"comment_status":"open","ping_status":"open","sticky":false,"template":"","format":"standard","meta":{"_et_pb_use_builder":"","_et_pb_old_content":"","_et_gb_content_width":"","_jetpack_memberships_contains_paid_content":false,"footnotes":"","jetpack_publicize_message":"","jetpack_publicize_feature_enabled":true,"jetpack_social_post_already_shared":true,"jetpack_social_options":{"image_generator_settings":{"template":"highway","default_image_id":0,"font":"","enabled":false},"version":2}},"categories":[1,5],"tags":[],"class_list":["post-11944","post","type-post","status-publish","format-standard","has-post-thumbnail","hentry","category-blog","category-taetigkeiten"],"jetpack_publicize_connections":[],"jetpack_featured_media_url":"https:\/\/www.feuerwehr-pettneu.at\/wp\/wp-content\/uploads\/2017\/08\/geb_heini_2008_006.jpg","jetpack_sharing_enabled":true,"jetpack-related-posts":[{"id":11861,"url":"https:\/\/www.feuerwehr-pettneu.at\/wp\/unser-ehrenmitglied-julius-kuen-feiert-seinen-90-geburtstag_19072009","url_meta":{"origin":11944,"position":0},"title":"Unser Ehrenmitglied Julius Kuen feiert seinen 90.Geburtstag","author":"Paul Nothdurfter","date":"Sonntag, 19. Juli 2009","format":false,"excerpt":"Am Sonntag den 19.7.09 feierte unser Ehrenmitglied Julius Kuen seinen 90. Geburtstag im Kreise seiner Familie. Die freiw. Feuerwehr gratulierte dem Jubilar mit den besten W\u00fcnschen zum Geburtstag und \u00fcberreichte durch unseren Kommandanten ein Geschenk. Julius ist 1935 in die Feuerwehr Pettneu eingetreten und hat beim 100 j\u00e4hrigen Bestandsjubil\u00e4um 1985\u2026","rel":"","context":"In &quot;Blog&quot;","block_context":{"text":"Blog","link":"https:\/\/www.feuerwehr-pettneu.at\/wp\/category\/blog"},"img":{"alt_text":"","src":"https:\/\/i0.wp.com\/www.feuerwehr-pettneu.at\/wp\/wp-content\/uploads\/2017\/08\/julius_90_001.jpg?resize=350%2C200&ssl=1","width":350,"height":200,"srcset":"https:\/\/i0.wp.com\/www.feuerwehr-pettneu.at\/wp\/wp-content\/uploads\/2017\/08\/julius_90_001.jpg?resize=350%2C200&ssl=1 1x, https:\/\/i0.wp.com\/www.feuerwehr-pettneu.at\/wp\/wp-content\/uploads\/2017\/08\/julius_90_001.jpg?resize=525%2C300&ssl=1 1.5x, https:\/\/i0.wp.com\/www.feuerwehr-pettneu.at\/wp\/wp-content\/uploads\/2017\/08\/julius_90_001.jpg?resize=700%2C400&ssl=1 2x"},"classes":[]},{"id":11751,"url":"https:\/\/www.feuerwehr-pettneu.at\/wp\/tiroler-ehrenamtsnadel-fuer-helmut-burger_12112012","url_meta":{"origin":11944,"position":1},"title":"Tiroler Ehrenamtsnadel f\u00fcr Helmut Burger","author":"Paul Nothdurfter","date":"Montag, 12. November 2012","format":false,"excerpt":"Unser Feuerwehrmitglied Helmut Burger erhielt am 12.11.2012 die \u201eTiroler Ehrenamtsnadel f\u00fcr seine langj\u00e4hrige T\u00e4tigkeit und seine Verdienste bei der Freiw. Feuerwehr Pettneu bei einem Festakt in Ischgl verliehen. Helmut geh\u00f6rt seit 1982 dem Ausschuss der F. F. Pettneu an. Er war auch in seinen Funktionen als Kommandant und zuletzt bis\u2026","rel":"","context":"In &quot;Blog&quot;","block_context":{"text":"Blog","link":"https:\/\/www.feuerwehr-pettneu.at\/wp\/category\/blog"},"img":{"alt_text":"","src":"https:\/\/i0.wp.com\/www.feuerwehr-pettneu.at\/wp\/wp-content\/uploads\/2012\/11\/ehrennadel_helmut.jpg?resize=350%2C200&ssl=1","width":350,"height":200,"srcset":"https:\/\/i0.wp.com\/www.feuerwehr-pettneu.at\/wp\/wp-content\/uploads\/2012\/11\/ehrennadel_helmut.jpg?resize=350%2C200&ssl=1 1x, https:\/\/i0.wp.com\/www.feuerwehr-pettneu.at\/wp\/wp-content\/uploads\/2012\/11\/ehrennadel_helmut.jpg?resize=525%2C300&ssl=1 1.5x, https:\/\/i0.wp.com\/www.feuerwehr-pettneu.at\/wp\/wp-content\/uploads\/2012\/11\/ehrennadel_helmut.jpg?resize=700%2C400&ssl=1 2x"},"classes":[]},{"id":11853,"url":"https:\/\/www.feuerwehr-pettneu.at\/wp\/124-jahreshauptversammlung-der-f-f-pettneu_07112009","url_meta":{"origin":11944,"position":2},"title":"124. Jahreshauptversammlung der F. F. Pettneu","author":"Paul Nothdurfter","date":"Samstag, 07. November 2009","format":false,"excerpt":"Am Samstag den 07.11.2009 fand unsere Jahreshauptversammlung statt. Neben den Ehreng\u00e4sten Bezirks-Feuerwehrinspektor Otmar Weiskopf, Abschnittskdt. Hermann Wolf und B\u00fcrgermeister Klaus Zangerl waren viele Kameraden der Einladung gefolgt. Besonders erfreulich war, dass unsere 2 Ehrenmitglieder Julius Kuen und Heinrich Lampacher ebenfalls an der Jahreshauptversammlung teilnahmen. Erstmals wurde das neue Ehrenzeichen des\u2026","rel":"","context":"In &quot;Blog&quot;","block_context":{"text":"Blog","link":"https:\/\/www.feuerwehr-pettneu.at\/wp\/category\/blog"},"img":{"alt_text":"","src":"https:\/\/i0.wp.com\/www.feuerwehr-pettneu.at\/wp\/wp-content\/uploads\/2017\/08\/jhv071109_026.jpg?resize=350%2C200&ssl=1","width":350,"height":200,"srcset":"https:\/\/i0.wp.com\/www.feuerwehr-pettneu.at\/wp\/wp-content\/uploads\/2017\/08\/jhv071109_026.jpg?resize=350%2C200&ssl=1 1x, https:\/\/i0.wp.com\/www.feuerwehr-pettneu.at\/wp\/wp-content\/uploads\/2017\/08\/jhv071109_026.jpg?resize=525%2C300&ssl=1 1.5x, https:\/\/i0.wp.com\/www.feuerwehr-pettneu.at\/wp\/wp-content\/uploads\/2017\/08\/jhv071109_026.jpg?resize=700%2C400&ssl=1 2x"},"classes":[]},{"id":11789,"url":"https:\/\/www.feuerwehr-pettneu.at\/wp\/jahreshauptversammlung-5_05112011","url_meta":{"origin":11944,"position":3},"title":"Jahreshauptversammlung","author":"Paul Nothdurfter","date":"Samstag, 05. November 2011","format":false,"excerpt":"Die 126. Jahreshauptversammlung der F.F. Pettneu fand am Samstag den 5.11.2011 im Schulungsraum statt. Unser Kommandant Christian Starjakob gab wieder vor den anwesenden Ehreng\u00e4ste Bezirkskommandant Christoph Mair, Abschnittskommandant Hermann Wolf, B\u00fcrgermeister Manfred Matt und Ehrenkommandant und Ehrenmitglied Heinrich Lampacher einen eindrucksvollen Jahresbericht ab. Im Berichtsjahr wurden von der Feuerwehr Pettneu\u2026","rel":"","context":"In &quot;Blog&quot;","block_context":{"text":"Blog","link":"https:\/\/www.feuerwehr-pettneu.at\/wp\/category\/blog"},"img":{"alt_text":"","src":"https:\/\/i0.wp.com\/www.feuerwehr-pettneu.at\/wp\/wp-content\/uploads\/2017\/08\/jhv2011_011.jpg?resize=350%2C200&ssl=1","width":350,"height":200,"srcset":"https:\/\/i0.wp.com\/www.feuerwehr-pettneu.at\/wp\/wp-content\/uploads\/2017\/08\/jhv2011_011.jpg?resize=350%2C200&ssl=1 1x, https:\/\/i0.wp.com\/www.feuerwehr-pettneu.at\/wp\/wp-content\/uploads\/2017\/08\/jhv2011_011.jpg?resize=525%2C300&ssl=1 1.5x, https:\/\/i0.wp.com\/www.feuerwehr-pettneu.at\/wp\/wp-content\/uploads\/2017\/08\/jhv2011_011.jpg?resize=700%2C400&ssl=1 2x"},"classes":[]},{"id":8889,"url":"https:\/\/www.feuerwehr-pettneu.at\/wp\/jahreshauptversammlung_05112016","url_meta":{"origin":11944,"position":4},"title":"Jahreshauptversammlung","author":"FF-Pettneu","date":"Samstag, 05. November 2016","format":false,"excerpt":"Die 131. Jahreshauptversammlung wurde von der Feuerwehr Pettneu am 05.11.2016 durchgef\u00fchrt. Als Ehreng\u00e4ste waren unser Ehrenmitglied Lampacher Heini, Bezirksfeuerwehrinspektor Greuter Thomas, B\u00fcrgermeister Matt Manfred und Vizeb\u00fcrgermeister Wolf Patrick anwesend. Nach der Begr\u00fc\u00dfung und Beginn durch den Kommandanten wurde der Jahresbericht und die Berichte der Beauftragten vorgetragen. Die Feuerwehr kann auf\u2026","rel":"","context":"In &quot;Blog&quot;","block_context":{"text":"Blog","link":"https:\/\/www.feuerwehr-pettneu.at\/wp\/category\/blog"},"img":{"alt_text":"","src":"https:\/\/i0.wp.com\/www.feuerwehr-pettneu.at\/wp\/wp-content\/uploads\/2017\/08\/jhv_05112016_012.jpg?resize=350%2C200&ssl=1","width":350,"height":200,"srcset":"https:\/\/i0.wp.com\/www.feuerwehr-pettneu.at\/wp\/wp-content\/uploads\/2017\/08\/jhv_05112016_012.jpg?resize=350%2C200&ssl=1 1x, https:\/\/i0.wp.com\/www.feuerwehr-pettneu.at\/wp\/wp-content\/uploads\/2017\/08\/jhv_05112016_012.jpg?resize=525%2C300&ssl=1 1.5x, https:\/\/i0.wp.com\/www.feuerwehr-pettneu.at\/wp\/wp-content\/uploads\/2017\/08\/jhv_05112016_012.jpg?resize=700%2C400&ssl=1 2x"},"classes":[]},{"id":25418,"url":"https:\/\/www.feuerwehr-pettneu.at\/wp\/feuerwehrfreundlicher-arbeitgeber-2024_07022024","url_meta":{"origin":11944,"position":5},"title":"Feuerwehrfreundlicher Arbeitgeber 2024","author":"FF-Pettneu","date":"Mittwoch, 07. Februar 2024","format":false,"excerpt":"Vom Arbeitsplatz direkt in den Einsatz: Feuerwehrfreundliche Arbeitgeber machen das m\u00f6glich LRin Astrid Mair: Unternehmen f\u00f6rdern in besonderer Weise das System der Freiwilligen Feuerwehren LFK Jakob Unterladst\u00e4tter: Verst\u00e4ndnis der Unternehmen f\u00fcr das Ehrenamt ma\u00dfgeblich f\u00fcr Erf\u00fcllung der Aufgaben LFI Rene Staudacher: Unternehmen tragen mit Verantwortungsbewusstsein in Themen wie dem vorbeugenden\u2026","rel":"","context":"In &quot;Blog&quot;","block_context":{"text":"Blog","link":"https:\/\/www.feuerwehr-pettneu.at\/wp\/category\/blog"},"img":{"alt_text":"","src":"https:\/\/i0.wp.com\/www.feuerwehr-pettneu.at\/wp\/wp-content\/uploads\/2024\/02\/feuerwehrfreundliche_arbeitgeber_07022024_001.jpg?resize=350%2C200&ssl=1","width":350,"height":200,"srcset":"https:\/\/i0.wp.com\/www.feuerwehr-pettneu.at\/wp\/wp-content\/uploads\/2024\/02\/feuerwehrfreundliche_arbeitgeber_07022024_001.jpg?resize=350%2C200&ssl=1 1x, https:\/\/i0.wp.com\/www.feuerwehr-pettneu.at\/wp\/wp-content\/uploads\/2024\/02\/feuerwehrfreundliche_arbeitgeber_07022024_001.jpg?resize=525%2C300&ssl=1 1.5x, https:\/\/i0.wp.com\/www.feuerwehr-pettneu.at\/wp\/wp-content\/uploads\/2024\/02\/feuerwehrfreundliche_arbeitgeber_07022024_001.jpg?resize=700%2C400&ssl=1 2x"},"classes":[]}],"_links":{"self":[{"href":"https:\/\/www.feuerwehr-pettneu.at\/wp\/wp-json\/wp\/v2\/posts\/11944","targetHints":{"allow":["GET"]}}],"collection":[{"href":"https:\/\/www.feuerwehr-pettneu.at\/wp\/wp-json\/wp\/v2\/posts"}],"about":[{"href":"https:\/\/www.feuerwehr-pettneu.at\/wp\/wp-json\/wp\/v2\/types\/post"}],"author":[{"embeddable":true,"href":"https:\/\/www.feuerwehr-pettneu.at\/wp\/wp-json\/wp\/v2\/users\/3"}],"replies":[{"embeddable":true,"href":"https:\/\/www.feuerwehr-pettneu.at\/wp\/wp-json\/wp\/v2\/comments?post=11944"}],"version-history":[{"count":0,"href":"https:\/\/www.feuerwehr-pettneu.at\/wp\/wp-json\/wp\/v2\/posts\/11944\/revisions"}],"wp:featuredmedia":[{"embeddable":true,"href":"https:\/\/www.feuerwehr-pettneu.at\/wp\/wp-json\/wp\/v2\/media\/16293"}],"wp:attachment":[{"href":"https:\/\/www.feuerwehr-pettneu.at\/wp\/wp-json\/wp\/v2\/media?parent=11944"}],"wp:term":[{"taxonomy":"category","embeddable":true,"href":"https:\/\/www.feuerwehr-pettneu.at\/wp\/wp-json\/wp\/v2\/categories?post=11944"},{"taxonomy":"post_tag","embeddable":true,"href":"https:\/\/www.feuerwehr-pettneu.at\/wp\/wp-json\/wp\/v2\/tags?post=11944"}],"curies":[{"name":"wp","href":"https:\/\/api.w.org\/{rel}","templated":true}]}}