{"id":11869,"date":"2009-06-14T13:13:12","date_gmt":"2009-06-14T11:13:12","guid":{"rendered":"http:\/\/www.feuerwehr-pettneu.at\/wp\/?p=11869"},"modified":"2017-10-26T22:02:01","modified_gmt":"2017-10-26T20:02:01","slug":"waermebildkamera-hornet-m-der-firma-interspiro","status":"publish","type":"post","link":"https:\/\/www.feuerwehr-pettneu.at\/wp\/waermebildkamera-hornet-m-der-firma-interspiro_14062009","title":{"rendered":"W\u00e4rmebildkamera \u201eHornet M\u201c der Firma Interspiro"},"content":{"rendered":"<p>Der Ausschuss der F.F. Pettneu hat sich dazu entschlossen, eine W\u00e4rmebildkamera anzukaufen. Mehrere Kameras von verschiedenen Herstellern wurden getestet und angeschaut. Die Entscheidung viel auf die \u201eHornet M\u201c der Firma Interspiro. Die Kamera wurde im Mai ausgeliefert und auch eine Einschulung durch die Firma Interspiro wurde bereits durchgef\u00fchrt. Die Finanzierung der Kamera aus der Kameradschaftskasse war wieder nur mit grossz\u00fcgiger Unterst\u00fctzung m\u00f6glich. Wir m\u00f6chten uns daher recht herzlich beim Landes-Feuerwehrverband Tirol, TIWAG-Tiroler Wasserkraft, Tiroler Versicherung und der Raiffeisenbank Oberland \u2013 Filiale Pettneu f\u00fcr Ihren tollen Beitrag zum Ankauf bedanken.<\/p>\n<p><img loading=\"lazy\" decoding=\"async\" class=\"wp-image-19043 size-full alignleft\" src=\"https:\/\/www.feuerwehr-pettneu.at\/wp\/wp-content\/uploads\/2009\/06\/sponsor_tiwag.jpg\" alt=\"\" width=\"70\" height=\"70\" \/><img loading=\"lazy\" decoding=\"async\" class=\"wp-image-19042 size-full alignleft\" src=\"https:\/\/www.feuerwehr-pettneu.at\/wp\/wp-content\/uploads\/2009\/06\/sponsor_tiroler.jpg\" alt=\"\" width=\"120\" height=\"50\" \/><img loading=\"lazy\" decoding=\"async\" class=\"alignleft wp-image-19041 size-full\" src=\"https:\/\/www.feuerwehr-pettneu.at\/wp\/wp-content\/uploads\/2009\/06\/sponsor_rbo.jpg\" alt=\"\" width=\"174\" height=\"50\" \/><\/p>\n<p>&nbsp;<\/p>\n<p>&nbsp;<\/p>\n<div class=\"et_pb_slider et_pb_slider_fullwidth_off et_pb_gallery_post_type\">\n\t\t\t\t<div class=\"et_pb_slides\">\n\t\t\t\t\t<div class=\"et_pb_slide\" style=\"background: url(https:\/\/www.feuerwehr-pettneu.at\/wp\/wp-content\/uploads\/2017\/08\/waermwbildkamera_001.jpg);\"><\/div><div class=\"et_pb_slide\" style=\"background: url(https:\/\/www.feuerwehr-pettneu.at\/wp\/wp-content\/uploads\/2017\/08\/waermwbildkamera_002.jpg);\"><\/div><div class=\"et_pb_slide\" style=\"background: url(https:\/\/www.feuerwehr-pettneu.at\/wp\/wp-content\/uploads\/2017\/08\/waermwbildkamera_003.jpg);\"><\/div>\n\t\t\t\t<\/div>\n\t\t\t<\/div>\n","protected":false},"excerpt":{"rendered":"<p>Der Ausschuss der F.F. Pettneu hat sich dazu entschlossen, eine W\u00e4rmebildkamera anzukaufen. Mehrere Kameras von verschiedenen Herstellern wurden getestet und angeschaut. Die Entscheidung viel auf die \u201eHornet M\u201c der Firma Interspiro. Die Kamera wurde im Mai ausgeliefert und auch eine Einschulung durch die Firma Interspiro wurde bereits durchgef\u00fchrt. Die Finanzierung der Kamera aus der Kameradschaftskasse [&hellip;]<\/p>\n","protected":false},"author":3,"featured_media":16041,"comment_status":"open","ping_status":"open","sticky":false,"template":"","format":"standard","meta":{"_et_pb_use_builder":"","_et_pb_old_content":"","_et_gb_content_width":"","_jetpack_memberships_contains_paid_content":false,"footnotes":"","jetpack_publicize_message":"","jetpack_publicize_feature_enabled":true,"jetpack_social_post_already_shared":true,"jetpack_social_options":{"image_generator_settings":{"template":"highway","default_image_id":0,"font":"","enabled":false},"version":2}},"categories":[1,5],"tags":[],"class_list":["post-11869","post","type-post","status-publish","format-standard","has-post-thumbnail","hentry","category-blog","category-taetigkeiten"],"jetpack_publicize_connections":[],"jetpack_featured_media_url":"https:\/\/www.feuerwehr-pettneu.at\/wp\/wp-content\/uploads\/2017\/08\/waermwbildkamera_002.jpg","jetpack_sharing_enabled":true,"jetpack-related-posts":[{"id":13388,"url":"https:\/\/www.feuerwehr-pettneu.at\/wp\/schulungsabend-6_29112010","url_meta":{"origin":11869,"position":0},"title":"Schulungsabend","author":"Paul Nothdurfter","date":"Montag, 29. November 2010","format":false,"excerpt":"Am Montag den 29.11.2010 fand mit 32 Feuerwehrkameraden ein Schulungsabend zum Thema \u201eW\u00e4rmebildkamera\u201c und \u201eStatusmeldungen der Fahrzeuge\u201c statt. Ziel der Schulung f\u00fcr die W\u00e4rmebildkamera war es, die Handhabung und Einsatzsituationen aufzuzeigen. Dazu z\u00e4hlen zum Beispiel Risikoeinsch\u00e4tzung, richtige Interpretation der W\u00e4rmebilder, wie auch Personensuche und der Einsatz im Bereich von gef\u00e4hrlichen\u2026","rel":"","context":"In &quot;Blog&quot;","block_context":{"text":"Blog","link":"https:\/\/www.feuerwehr-pettneu.at\/wp\/category\/blog"},"img":{"alt_text":"","src":"https:\/\/i0.wp.com\/www.feuerwehr-pettneu.at\/wp\/wp-content\/uploads\/2017\/09\/schulung291110_001.jpg?resize=350%2C200&ssl=1","width":350,"height":200,"srcset":"https:\/\/i0.wp.com\/www.feuerwehr-pettneu.at\/wp\/wp-content\/uploads\/2017\/09\/schulung291110_001.jpg?resize=350%2C200&ssl=1 1x, https:\/\/i0.wp.com\/www.feuerwehr-pettneu.at\/wp\/wp-content\/uploads\/2017\/09\/schulung291110_001.jpg?resize=525%2C300&ssl=1 1.5x"},"classes":[]},{"id":12050,"url":"https:\/\/www.feuerwehr-pettneu.at\/wp\/atemschutz-schulungsabend_10022015","url_meta":{"origin":11869,"position":1},"title":"Atemschutz Schulungsabend","author":"Paul Nothdurfter","date":"Dienstag, 10. Februar 2015","format":false,"excerpt":"Am Dienstag, den 10.02.2015 fand um 20.00 Uhr ein Schulungsabend f\u00fcr alle Atemschutztr\u00e4ger statt. Der Schwerpunkt an diesem Abend war das Thema W\u00e4rmebildkamera. Der Lehrinhalt bezog sich auf den von unseren Ausbildner k\u00fcrzlich besuchten neuen Lehrgang an der Landesfeuerwehrschule: W\u00e4rmebildkamera - Workshop. Somit wurde der richtige Umgang im Einsatzfall sowie\u2026","rel":"","context":"In &quot;Blog&quot;","block_context":{"text":"Blog","link":"https:\/\/www.feuerwehr-pettneu.at\/wp\/category\/blog"},"img":{"alt_text":"","src":"https:\/\/i0.wp.com\/www.feuerwehr-pettneu.at\/wp\/wp-content\/uploads\/2017\/08\/ats_schulungsabend_10022015_008.jpg?resize=350%2C200&ssl=1","width":350,"height":200,"srcset":"https:\/\/i0.wp.com\/www.feuerwehr-pettneu.at\/wp\/wp-content\/uploads\/2017\/08\/ats_schulungsabend_10022015_008.jpg?resize=350%2C200&ssl=1 1x, https:\/\/i0.wp.com\/www.feuerwehr-pettneu.at\/wp\/wp-content\/uploads\/2017\/08\/ats_schulungsabend_10022015_008.jpg?resize=525%2C300&ssl=1 1.5x"},"classes":[]},{"id":12169,"url":"https:\/\/www.feuerwehr-pettneu.at\/wp\/atemschutzschulungsabend-2_25062013","url_meta":{"origin":11869,"position":2},"title":"Atemschutzschulungsabend","author":"Paul Nothdurfter","date":"Dienstag, 25. Juni 2013","format":false,"excerpt":"Am 25. und 26. Juni 2013 fand jeweils um 20.00 Uhr ein Atemschutzschulungsabend f\u00fcr jede der zwei Teilgruppen statt. Geschult wurde der richtige Umgang mit den Atemschutzger\u00e4ten sowie mit der W\u00e4rmebildkamera. Ebenso \u00fcbten wir das Kurzpr\u00fcfverfahren, bei dem jeder Atemschutztr\u00e4ger sein Ger\u00e4t selbst auf Einsatztauglichkeit pr\u00fcft. Gezeigt wurden auch Videos\u2026","rel":"","context":"In &quot;Blog&quot;","block_context":{"text":"Blog","link":"https:\/\/www.feuerwehr-pettneu.at\/wp\/category\/blog"},"img":{"alt_text":"","src":"https:\/\/i0.wp.com\/www.feuerwehr-pettneu.at\/wp\/wp-content\/uploads\/2017\/08\/atemschutz_26062013_001.jpg?resize=350%2C200&ssl=1","width":350,"height":200,"srcset":"https:\/\/i0.wp.com\/www.feuerwehr-pettneu.at\/wp\/wp-content\/uploads\/2017\/08\/atemschutz_26062013_001.jpg?resize=350%2C200&ssl=1 1x, https:\/\/i0.wp.com\/www.feuerwehr-pettneu.at\/wp\/wp-content\/uploads\/2017\/08\/atemschutz_26062013_001.jpg?resize=525%2C300&ssl=1 1.5x"},"classes":[]},{"id":12132,"url":"https:\/\/www.feuerwehr-pettneu.at\/wp\/schulungsabend-atemschutz_22012014","url_meta":{"origin":11869,"position":3},"title":"Schulungsabend Atemschutz","author":"Paul Nothdurfter","date":"Mittwoch, 22. Januar 2014","format":false,"excerpt":"Am 22.01.2014 fand ein Schulungsabend f\u00fcr die Atemschutztr\u00e4ger der Feuerwehr Pettneu statt. Es wurden die Atemschutzger\u00e4te sowie Totmannwarner, W\u00e4rmebildkamera, Funk erkl\u00e4rt. Danach musste jeder Atemschutztr\u00e4ger in einem verrauchten Raum mit der W\u00e4rmebildkamera verschiedene Gefahrenstellen lokalisieren. \u00a0","rel":"","context":"In &quot;Blog&quot;","block_context":{"text":"Blog","link":"https:\/\/www.feuerwehr-pettneu.at\/wp\/category\/blog"},"img":{"alt_text":"","src":"","width":0,"height":0},"classes":[]},{"id":23074,"url":"https:\/\/www.feuerwehr-pettneu.at\/wp\/atemschutz-schulungsabend-8_28032022","url_meta":{"origin":11869,"position":4},"title":"Atemschutz Schulungsabend","author":"FF-Pettneu","date":"Montag, 28. M\u00e4rz 2022","format":false,"excerpt":"Nach zweij\u00e4hriger Corona Pause ging es am Montag, 28.03.2022 mit dem Atemschutz Schulungsabend wieder los. Daher trafen sich die Atemschutztr\u00e4ger in der Feuerwehrhalle. Am Programm stand ein Stadionsbetrieb mit drei verschiedenen Themen. Zuerst wurden die Tr\u00e4ger auf die Corona Bestimmungen und die \u00c4rztlichen Untersuchungen hingewiesen. Bei Station 1 wurde das\u2026","rel":"","context":"In &quot;Blog&quot;","block_context":{"text":"Blog","link":"https:\/\/www.feuerwehr-pettneu.at\/wp\/category\/blog"},"img":{"alt_text":"","src":"https:\/\/i0.wp.com\/www.feuerwehr-pettneu.at\/wp\/wp-content\/uploads\/2020\/02\/ats_schulungsabend_31012020_008-1.jpg?resize=350%2C200&ssl=1","width":350,"height":200,"srcset":"https:\/\/i0.wp.com\/www.feuerwehr-pettneu.at\/wp\/wp-content\/uploads\/2020\/02\/ats_schulungsabend_31012020_008-1.jpg?resize=350%2C200&ssl=1 1x, https:\/\/i0.wp.com\/www.feuerwehr-pettneu.at\/wp\/wp-content\/uploads\/2020\/02\/ats_schulungsabend_31012020_008-1.jpg?resize=525%2C300&ssl=1 1.5x, https:\/\/i0.wp.com\/www.feuerwehr-pettneu.at\/wp\/wp-content\/uploads\/2020\/02\/ats_schulungsabend_31012020_008-1.jpg?resize=700%2C400&ssl=1 2x"},"classes":[]},{"id":24198,"url":"https:\/\/www.feuerwehr-pettneu.at\/wp\/schulungsabend-atemschutz-2_30012023","url_meta":{"origin":11869,"position":5},"title":"Schulungsabend Atemschutz","author":"FF-Pettneu","date":"Montag, 30. Januar 2023","format":false,"excerpt":"Am 30. J\u00e4nner 2023, um 19:30 Uhr wurde ein Atemschutz Schulungsabend durchgef\u00fchrt. Die Mitglieder unterteilten sich in 3 Gruppen. Der Schulungsabend wurde dann im Stationsbetrieb abgehalten. Die erste Station besch\u00e4ftigte sich mit den Inhalten der ATS-Ausr\u00fcstungen und Zubeh\u00f6r in den jeweiligen Einsatzfahrzeugen und wo diese zu finden sind. Es wurde\u2026","rel":"","context":"In &quot;Blog&quot;","block_context":{"text":"Blog","link":"https:\/\/www.feuerwehr-pettneu.at\/wp\/category\/blog"},"img":{"alt_text":"","src":"https:\/\/i0.wp.com\/www.feuerwehr-pettneu.at\/wp\/wp-content\/uploads\/2023\/01\/ats_schulungsabend_30012023_001.jpg?resize=350%2C200&ssl=1","width":350,"height":200,"srcset":"https:\/\/i0.wp.com\/www.feuerwehr-pettneu.at\/wp\/wp-content\/uploads\/2023\/01\/ats_schulungsabend_30012023_001.jpg?resize=350%2C200&ssl=1 1x, https:\/\/i0.wp.com\/www.feuerwehr-pettneu.at\/wp\/wp-content\/uploads\/2023\/01\/ats_schulungsabend_30012023_001.jpg?resize=525%2C300&ssl=1 1.5x, https:\/\/i0.wp.com\/www.feuerwehr-pettneu.at\/wp\/wp-content\/uploads\/2023\/01\/ats_schulungsabend_30012023_001.jpg?resize=700%2C400&ssl=1 2x"},"classes":[]}],"_links":{"self":[{"href":"https:\/\/www.feuerwehr-pettneu.at\/wp\/wp-json\/wp\/v2\/posts\/11869","targetHints":{"allow":["GET"]}}],"collection":[{"href":"https:\/\/www.feuerwehr-pettneu.at\/wp\/wp-json\/wp\/v2\/posts"}],"about":[{"href":"https:\/\/www.feuerwehr-pettneu.at\/wp\/wp-json\/wp\/v2\/types\/post"}],"author":[{"embeddable":true,"href":"https:\/\/www.feuerwehr-pettneu.at\/wp\/wp-json\/wp\/v2\/users\/3"}],"replies":[{"embeddable":true,"href":"https:\/\/www.feuerwehr-pettneu.at\/wp\/wp-json\/wp\/v2\/comments?post=11869"}],"version-history":[{"count":3,"href":"https:\/\/www.feuerwehr-pettneu.at\/wp\/wp-json\/wp\/v2\/posts\/11869\/revisions"}],"predecessor-version":[{"id":19045,"href":"https:\/\/www.feuerwehr-pettneu.at\/wp\/wp-json\/wp\/v2\/posts\/11869\/revisions\/19045"}],"wp:featuredmedia":[{"embeddable":true,"href":"https:\/\/www.feuerwehr-pettneu.at\/wp\/wp-json\/wp\/v2\/media\/16041"}],"wp:attachment":[{"href":"https:\/\/www.feuerwehr-pettneu.at\/wp\/wp-json\/wp\/v2\/media?parent=11869"}],"wp:term":[{"taxonomy":"category","embeddable":true,"href":"https:\/\/www.feuerwehr-pettneu.at\/wp\/wp-json\/wp\/v2\/categories?post=11869"},{"taxonomy":"post_tag","embeddable":true,"href":"https:\/\/www.feuerwehr-pettneu.at\/wp\/wp-json\/wp\/v2\/tags?post=11869"}],"curies":[{"name":"wp","href":"https:\/\/api.w.org\/{rel}","templated":true}]}}