{"id":11857,"date":"2009-10-10T13:07:14","date_gmt":"2009-10-10T11:07:14","guid":{"rendered":"http:\/\/www.feuerwehr-pettneu.at\/wp\/?p=11857"},"modified":"2017-10-03T17:31:12","modified_gmt":"2017-10-03T15:31:12","slug":"kamaradschaftsausflug","status":"publish","type":"post","link":"https:\/\/www.feuerwehr-pettneu.at\/wp\/kamaradschaftsausflug_10102009","title":{"rendered":"Kamaradschaftsausflug"},"content":{"rendered":"<p>Der Ausschuss hat sich f\u00fcr dieses Jahr entschlossen, statt dem Grillabend einen Kameradschaftsausflug zu machen. Am Samstag den 10. Oktober 09 fuhren wir mit dem Bus bis Jenbach um dort in die Zillertalbahn umzusteigen. Mit dem Dampfzug ging es gem\u00fctlich bis Mayrhofen. Anschlie\u00dfend wieder mit dem Bus von Mayerhofen \u00fcber den Gerlos-Pass bis zu den Krimmler Wasserf\u00e4llen wo wir uns zu Mittag gest\u00e4rkt haben. Von dort wieder retour bis Mayrhofen wo wir noch beim Heubauernfest das bei der Zillertaler Schauk\u00e4serei stattfand vorbeischauten. Den Abschluss unseres Ausfluges bildete das Abendessen in der Branger Alm in Unterperfuss.<\/p>\n<div class=\"et_pb_slider et_pb_slider_fullwidth_off et_pb_gallery_post_type\">\n\t\t\t\t<div class=\"et_pb_slides\">\n\t\t\t\t\t<div class=\"et_pb_slide\" style=\"background: url(https:\/\/www.feuerwehr-pettneu.at\/wp\/wp-content\/uploads\/2017\/08\/ausflug101009_001.jpg);\"><\/div><div class=\"et_pb_slide\" style=\"background: url(https:\/\/www.feuerwehr-pettneu.at\/wp\/wp-content\/uploads\/2017\/08\/ausflug101009_002.jpg);\"><\/div><div class=\"et_pb_slide\" style=\"background: url(https:\/\/www.feuerwehr-pettneu.at\/wp\/wp-content\/uploads\/2017\/08\/ausflug101009_003.jpg);\"><\/div><div class=\"et_pb_slide\" style=\"background: url(https:\/\/www.feuerwehr-pettneu.at\/wp\/wp-content\/uploads\/2017\/08\/ausflug101009_004.jpg);\"><\/div><div class=\"et_pb_slide\" style=\"background: url(https:\/\/www.feuerwehr-pettneu.at\/wp\/wp-content\/uploads\/2017\/08\/ausflug101009_005.jpg);\"><\/div><div class=\"et_pb_slide\" style=\"background: url(https:\/\/www.feuerwehr-pettneu.at\/wp\/wp-content\/uploads\/2017\/08\/ausflug101009_006.jpg);\"><\/div><div class=\"et_pb_slide\" style=\"background: url(https:\/\/www.feuerwehr-pettneu.at\/wp\/wp-content\/uploads\/2017\/08\/ausflug101009_007.jpg);\"><\/div><div class=\"et_pb_slide\" style=\"background: url(https:\/\/www.feuerwehr-pettneu.at\/wp\/wp-content\/uploads\/2017\/08\/ausflug101009_008.jpg);\"><\/div><div class=\"et_pb_slide\" style=\"background: url(https:\/\/www.feuerwehr-pettneu.at\/wp\/wp-content\/uploads\/2017\/08\/ausflug101009_009.jpg);\"><\/div><div class=\"et_pb_slide\" style=\"background: url(https:\/\/www.feuerwehr-pettneu.at\/wp\/wp-content\/uploads\/2017\/08\/ausflug101009_010.jpg);\"><\/div><div class=\"et_pb_slide\" style=\"background: url(https:\/\/www.feuerwehr-pettneu.at\/wp\/wp-content\/uploads\/2017\/08\/ausflug101009_011.jpg);\"><\/div><div class=\"et_pb_slide\" style=\"background: url(https:\/\/www.feuerwehr-pettneu.at\/wp\/wp-content\/uploads\/2017\/08\/ausflug101009_012.jpg);\"><\/div><div class=\"et_pb_slide\" style=\"background: url(https:\/\/www.feuerwehr-pettneu.at\/wp\/wp-content\/uploads\/2017\/08\/ausflug101009_013.jpg);\"><\/div><div class=\"et_pb_slide\" style=\"background: url(https:\/\/www.feuerwehr-pettneu.at\/wp\/wp-content\/uploads\/2017\/08\/ausflug101009_014.jpg);\"><\/div><div class=\"et_pb_slide\" style=\"background: url(https:\/\/www.feuerwehr-pettneu.at\/wp\/wp-content\/uploads\/2017\/08\/ausflug101009_015.jpg);\"><\/div><div class=\"et_pb_slide\" style=\"background: url(https:\/\/www.feuerwehr-pettneu.at\/wp\/wp-content\/uploads\/2017\/08\/ausflug101009_016.jpg);\"><\/div><div class=\"et_pb_slide\" style=\"background: url(https:\/\/www.feuerwehr-pettneu.at\/wp\/wp-content\/uploads\/2017\/08\/ausflug101009_017.jpg);\"><\/div><div class=\"et_pb_slide\" style=\"background: url(https:\/\/www.feuerwehr-pettneu.at\/wp\/wp-content\/uploads\/2017\/08\/ausflug101009_018.jpg);\"><\/div><div class=\"et_pb_slide\" style=\"background: url(https:\/\/www.feuerwehr-pettneu.at\/wp\/wp-content\/uploads\/2017\/08\/ausflug101009_019.jpg);\"><\/div>\n\t\t\t\t<\/div>\n\t\t\t<\/div>\n","protected":false},"excerpt":{"rendered":"<p>Der Ausschuss hat sich f\u00fcr dieses Jahr entschlossen, statt dem Grillabend einen Kameradschaftsausflug zu machen. Am Samstag den 10. Oktober 09 fuhren wir mit dem Bus bis Jenbach um dort in die Zillertalbahn umzusteigen. Mit dem Dampfzug ging es gem\u00fctlich bis Mayrhofen. Anschlie\u00dfend wieder mit dem Bus von Mayerhofen \u00fcber den Gerlos-Pass bis zu den [&hellip;]<\/p>\n","protected":false},"author":3,"featured_media":15554,"comment_status":"open","ping_status":"open","sticky":false,"template":"","format":"standard","meta":{"_et_pb_use_builder":"","_et_pb_old_content":"","_et_gb_content_width":"","_jetpack_memberships_contains_paid_content":false,"footnotes":"","jetpack_publicize_message":"","jetpack_publicize_feature_enabled":true,"jetpack_social_post_already_shared":true,"jetpack_social_options":{"image_generator_settings":{"template":"highway","default_image_id":0,"font":"","enabled":false},"version":2}},"categories":[1,5],"tags":[],"class_list":["post-11857","post","type-post","status-publish","format-standard","has-post-thumbnail","hentry","category-blog","category-taetigkeiten"],"jetpack_publicize_connections":[],"jetpack_featured_media_url":"https:\/\/www.feuerwehr-pettneu.at\/wp\/wp-content\/uploads\/2017\/08\/ausflug101009_008.jpg","jetpack_sharing_enabled":true,"jetpack-related-posts":[{"id":11855,"url":"https:\/\/www.feuerwehr-pettneu.at\/wp\/bezirksjugendfeuerwehr-ausflug_17102009","url_meta":{"origin":11857,"position":0},"title":"Bezirksjugendfeuerwehr Ausflug","author":"Paul Nothdurfter","date":"Samstag, 17. Oktober 2009","format":false,"excerpt":"Am Samstag den 17.10.2009 fand ein Jugendausflug ins S\u00fcdtirol statt. Um 7 Uhr war Treffpunkt bei der FF-Halle in Landeck, danach ging es mit dem Bus nach Bozen, wo wir Einblicke in die Berufsfeuerwehr Bozen genie\u00dfen konnten. Nach einer Pizza zu Mittag fuhren wir nach Meran. Dort gings mit dem\u2026","rel":"","context":"In &quot;Blog&quot;","block_context":{"text":"Blog","link":"https:\/\/www.feuerwehr-pettneu.at\/wp\/category\/blog"},"img":{"alt_text":"","src":"https:\/\/i0.wp.com\/www.feuerwehr-pettneu.at\/wp\/wp-content\/uploads\/2017\/08\/ausflug_jugend171009_001.jpg?resize=350%2C200&ssl=1","width":350,"height":200,"srcset":"https:\/\/i0.wp.com\/www.feuerwehr-pettneu.at\/wp\/wp-content\/uploads\/2017\/08\/ausflug_jugend171009_001.jpg?resize=350%2C200&ssl=1 1x, https:\/\/i0.wp.com\/www.feuerwehr-pettneu.at\/wp\/wp-content\/uploads\/2017\/08\/ausflug_jugend171009_001.jpg?resize=525%2C300&ssl=1 1.5x"},"classes":[]},{"id":17862,"url":"https:\/\/www.feuerwehr-pettneu.at\/wp\/kameradschaftsausflug-nach-linz_30092017","url_meta":{"origin":11857,"position":1},"title":"Kameradschaftsausflug nach Linz","author":"FF-Pettneu","date":"Samstag, 30. September 2017","format":false,"excerpt":"Nach mehrfachem Wunsch unserer Feuerwehrkameraden haben wir uns dieses Jahr f\u00fcr einen zweit\u00e4gigen Ausflug entschlossen. Am Samstag den 30.9. ging es f\u00fcr die 50 Teilnehmer p\u00fcnktlich um 7:00 Uhr von Pettneu los. Unsere Fahrt f\u00fchrte uns \u00fcber das Deutsche Eck bis nach Samerberg wo uns ein z\u00fcnftiges Wei\u00dfwurst Fr\u00fchst\u00fcck erwartete.\u2026","rel":"","context":"In &quot;Blog&quot;","block_context":{"text":"Blog","link":"https:\/\/www.feuerwehr-pettneu.at\/wp\/category\/blog"},"img":{"alt_text":"","src":"https:\/\/i0.wp.com\/www.feuerwehr-pettneu.at\/wp\/wp-content\/uploads\/2017\/10\/ausflug_linz_30092017_032.jpg?resize=350%2C200&ssl=1","width":350,"height":200,"srcset":"https:\/\/i0.wp.com\/www.feuerwehr-pettneu.at\/wp\/wp-content\/uploads\/2017\/10\/ausflug_linz_30092017_032.jpg?resize=350%2C200&ssl=1 1x, https:\/\/i0.wp.com\/www.feuerwehr-pettneu.at\/wp\/wp-content\/uploads\/2017\/10\/ausflug_linz_30092017_032.jpg?resize=525%2C300&ssl=1 1.5x, https:\/\/i0.wp.com\/www.feuerwehr-pettneu.at\/wp\/wp-content\/uploads\/2017\/10\/ausflug_linz_30092017_032.jpg?resize=700%2C400&ssl=1 2x"},"classes":[]},{"id":11795,"url":"https:\/\/www.feuerwehr-pettneu.at\/wp\/feuerwehrausflug-zum-bodensee_06082011","url_meta":{"origin":11857,"position":2},"title":"Feuerwehrausflug zum Bodensee","author":"Paul Nothdurfter","date":"Samstag, 06. August 2011","format":false,"excerpt":"Das Zeppelinmuseum in Friedrichshafen war unser erstes Ziel beim diesj\u00e4hrigen Feuerwehrausflug. Leider kamen wir aufgrund von widrigen Verkehrsverh\u00e4ltnissen am Bodensee zu sp\u00e4t nach Friedrichshafen. Die F\u00fchrung im Museum ist zugunsten des Mittagessens das wir im Museumsrestaurant eingenommen haben etwas k\u00fcrzer ausgefallen als geplant. Eine tolle Aussicht auf den Bodensee und\u2026","rel":"","context":"In &quot;Blog&quot;","block_context":{"text":"Blog","link":"https:\/\/www.feuerwehr-pettneu.at\/wp\/category\/blog"},"img":{"alt_text":"","src":"https:\/\/i0.wp.com\/www.feuerwehr-pettneu.at\/wp\/wp-content\/uploads\/2017\/08\/feuerwehrausflug11_009.jpg?resize=350%2C200&ssl=1","width":350,"height":200,"srcset":"https:\/\/i0.wp.com\/www.feuerwehr-pettneu.at\/wp\/wp-content\/uploads\/2017\/08\/feuerwehrausflug11_009.jpg?resize=350%2C200&ssl=1 1x, https:\/\/i0.wp.com\/www.feuerwehr-pettneu.at\/wp\/wp-content\/uploads\/2017\/08\/feuerwehrausflug11_009.jpg?resize=525%2C300&ssl=1 1.5x, https:\/\/i0.wp.com\/www.feuerwehr-pettneu.at\/wp\/wp-content\/uploads\/2017\/08\/feuerwehrausflug11_009.jpg?resize=700%2C400&ssl=1 2x"},"classes":[]},{"id":21644,"url":"https:\/\/www.feuerwehr-pettneu.at\/wp\/feuerwehrjugend-ausflug_29062019","url_meta":{"origin":11857,"position":3},"title":"Feuerwehrjugend Ausflug","author":"FF-Pettneu","date":"Samstag, 29. Juni 2019","format":false,"excerpt":"Vom 28.-30. Juni 2019 fand in Telfs der 1. Feuerwehrjugend-Leistungsbewerb der Alpenregionen statt. Die Gro\u00dfveranstaltung an der 2600 Jugendliche und 700 Betreuer teilnahmen war hervorragend organisiert. Da unsere Feuerwehrjugend dieses Jahr nicht teilnehmen konnte, entschieden wir uns am Samstag, dem 29.06. einen Tagesausflug zum Bewerb zu unternehmen. Gestartet wurde schon\u2026","rel":"","context":"In &quot;Blog&quot;","block_context":{"text":"Blog","link":"https:\/\/www.feuerwehr-pettneu.at\/wp\/category\/blog"},"img":{"alt_text":"","src":"https:\/\/i0.wp.com\/www.feuerwehr-pettneu.at\/wp\/wp-content\/uploads\/2019\/08\/feuerwehrjugend_ausflug_telfs_29062019_001.jpg?resize=350%2C200&ssl=1","width":350,"height":200,"srcset":"https:\/\/i0.wp.com\/www.feuerwehr-pettneu.at\/wp\/wp-content\/uploads\/2019\/08\/feuerwehrjugend_ausflug_telfs_29062019_001.jpg?resize=350%2C200&ssl=1 1x, https:\/\/i0.wp.com\/www.feuerwehr-pettneu.at\/wp\/wp-content\/uploads\/2019\/08\/feuerwehrjugend_ausflug_telfs_29062019_001.jpg?resize=525%2C300&ssl=1 1.5x, https:\/\/i0.wp.com\/www.feuerwehr-pettneu.at\/wp\/wp-content\/uploads\/2019\/08\/feuerwehrjugend_ausflug_telfs_29062019_001.jpg?resize=700%2C400&ssl=1 2x"},"classes":[]},{"id":11785,"url":"https:\/\/www.feuerwehr-pettneu.at\/wp\/jugendausflug-therme-erding_08122011","url_meta":{"origin":11857,"position":4},"title":"Jugendausflug Therme Erding","author":"Paul Nothdurfter","date":"Donnerstag, 08. Dezember 2011","format":false,"excerpt":"Unser BFJ \u2013 Sachbearbeiter Hannes Rudig hat einen Ausflug aller 16 Jugendgruppen aus dem Bezirk zur Therme Erding - Europas gr\u00f6\u00dftem Wasserrutschenparadies organisiert. Der Spa\u00dffaktor war gro\u00df und es war ein unvergessliches Erlebnis. Danke an alle die den Ausflug erm\u00f6glicht haben!","rel":"","context":"In &quot;Blog&quot;","block_context":{"text":"Blog","link":"https:\/\/www.feuerwehr-pettneu.at\/wp\/category\/blog"},"img":{"alt_text":"","src":"https:\/\/i0.wp.com\/www.feuerwehr-pettneu.at\/wp\/wp-content\/uploads\/2011\/12\/IMG_2624.jpg?resize=350%2C200&ssl=1","width":350,"height":200,"srcset":"https:\/\/i0.wp.com\/www.feuerwehr-pettneu.at\/wp\/wp-content\/uploads\/2011\/12\/IMG_2624.jpg?resize=350%2C200&ssl=1 1x, https:\/\/i0.wp.com\/www.feuerwehr-pettneu.at\/wp\/wp-content\/uploads\/2011\/12\/IMG_2624.jpg?resize=525%2C300&ssl=1 1.5x, https:\/\/i0.wp.com\/www.feuerwehr-pettneu.at\/wp\/wp-content\/uploads\/2011\/12\/IMG_2624.jpg?resize=700%2C400&ssl=1 2x"},"classes":[]},{"id":11859,"url":"https:\/\/www.feuerwehr-pettneu.at\/wp\/jugendfeuerwehr-ausflug_12092009","url_meta":{"origin":11857,"position":5},"title":"Jugendfeuerwehr Ausflug","author":"Paul Nothdurfter","date":"Samstag, 12. September 2009","format":false,"excerpt":"Am 12.09.2009 machte sich die Jugendfeuerwehr der FF-Pettneu auf den Weg zum Tag der offenen T\u00fcr der Landesfeuerwehrschule Tirol. Nach der Besichtigung und nach dem wir uns gest\u00e4rkt hatten ging es weiter nach Imst zum Alpincoaster. Dort hatten wir wie man auf den Fotos sehen kann \"A rie\u00dfen Gaudi\". Den\u2026","rel":"","context":"In &quot;Blog&quot;","block_context":{"text":"Blog","link":"https:\/\/www.feuerwehr-pettneu.at\/wp\/category\/blog"},"img":{"alt_text":"","src":"https:\/\/i0.wp.com\/www.feuerwehr-pettneu.at\/wp\/wp-content\/uploads\/2017\/08\/jugendausflug120909_020.jpg?resize=350%2C200&ssl=1","width":350,"height":200,"srcset":"https:\/\/i0.wp.com\/www.feuerwehr-pettneu.at\/wp\/wp-content\/uploads\/2017\/08\/jugendausflug120909_020.jpg?resize=350%2C200&ssl=1 1x, https:\/\/i0.wp.com\/www.feuerwehr-pettneu.at\/wp\/wp-content\/uploads\/2017\/08\/jugendausflug120909_020.jpg?resize=525%2C300&ssl=1 1.5x, https:\/\/i0.wp.com\/www.feuerwehr-pettneu.at\/wp\/wp-content\/uploads\/2017\/08\/jugendausflug120909_020.jpg?resize=700%2C400&ssl=1 2x"},"classes":[]}],"_links":{"self":[{"href":"https:\/\/www.feuerwehr-pettneu.at\/wp\/wp-json\/wp\/v2\/posts\/11857","targetHints":{"allow":["GET"]}}],"collection":[{"href":"https:\/\/www.feuerwehr-pettneu.at\/wp\/wp-json\/wp\/v2\/posts"}],"about":[{"href":"https:\/\/www.feuerwehr-pettneu.at\/wp\/wp-json\/wp\/v2\/types\/post"}],"author":[{"embeddable":true,"href":"https:\/\/www.feuerwehr-pettneu.at\/wp\/wp-json\/wp\/v2\/users\/3"}],"replies":[{"embeddable":true,"href":"https:\/\/www.feuerwehr-pettneu.at\/wp\/wp-json\/wp\/v2\/comments?post=11857"}],"version-history":[{"count":0,"href":"https:\/\/www.feuerwehr-pettneu.at\/wp\/wp-json\/wp\/v2\/posts\/11857\/revisions"}],"wp:featuredmedia":[{"embeddable":true,"href":"https:\/\/www.feuerwehr-pettneu.at\/wp\/wp-json\/wp\/v2\/media\/15554"}],"wp:attachment":[{"href":"https:\/\/www.feuerwehr-pettneu.at\/wp\/wp-json\/wp\/v2\/media?parent=11857"}],"wp:term":[{"taxonomy":"category","embeddable":true,"href":"https:\/\/www.feuerwehr-pettneu.at\/wp\/wp-json\/wp\/v2\/categories?post=11857"},{"taxonomy":"post_tag","embeddable":true,"href":"https:\/\/www.feuerwehr-pettneu.at\/wp\/wp-json\/wp\/v2\/tags?post=11857"}],"curies":[{"name":"wp","href":"https:\/\/api.w.org\/{rel}","templated":true}]}}