{"id":11855,"date":"2009-10-17T13:06:13","date_gmt":"2009-10-17T11:06:13","guid":{"rendered":"http:\/\/www.feuerwehr-pettneu.at\/wp\/?p=11855"},"modified":"2017-10-03T17:27:17","modified_gmt":"2017-10-03T15:27:17","slug":"bezirksjugendfeuerwehr-ausflug","status":"publish","type":"post","link":"https:\/\/www.feuerwehr-pettneu.at\/wp\/bezirksjugendfeuerwehr-ausflug_17102009","title":{"rendered":"Bezirksjugendfeuerwehr Ausflug"},"content":{"rendered":"<p>Am Samstag den 17.10.2009 fand ein Jugendausflug ins S\u00fcdtirol statt. Um 7 Uhr war Treffpunkt bei der FF-Halle in Landeck, danach ging es mit dem Bus nach Bozen, wo wir Einblicke in die Berufsfeuerwehr Bozen genie\u00dfen konnten. Nach einer Pizza zu Mittag fuhren wir nach Meran. Dort gings mit dem Alpine Bob Meran 2000 steil bergab. Um 19 Uhr wieder zuhause angekommen blickten wir auf einen gelungen und coolen Ausflug zur\u00fcck.<br \/>\nAuf Wunsch der BF Bozen konnten wir nicht mehr Fotos machen.<\/p>\n<div class=\"et_pb_slider et_pb_slider_fullwidth_off et_pb_gallery_post_type\">\n\t\t\t\t<div class=\"et_pb_slides\">\n\t\t\t\t\t<div class=\"et_pb_slide\" style=\"background: url(https:\/\/www.feuerwehr-pettneu.at\/wp\/wp-content\/uploads\/2017\/08\/ausflug_jugend171009_001.jpg);\"><\/div><div class=\"et_pb_slide\" style=\"background: url(https:\/\/www.feuerwehr-pettneu.at\/wp\/wp-content\/uploads\/2017\/08\/ausflug_jugend171009_002.jpg);\"><\/div><div class=\"et_pb_slide\" style=\"background: url(https:\/\/www.feuerwehr-pettneu.at\/wp\/wp-content\/uploads\/2017\/08\/ausflug_jugend171009_003.jpg);\"><\/div><div class=\"et_pb_slide\" style=\"background: url(https:\/\/www.feuerwehr-pettneu.at\/wp\/wp-content\/uploads\/2017\/08\/ausflug_jugend171009_004.jpg);\"><\/div><div class=\"et_pb_slide\" style=\"background: url(https:\/\/www.feuerwehr-pettneu.at\/wp\/wp-content\/uploads\/2017\/08\/ausflug_jugend171009_005.jpg);\"><\/div><div class=\"et_pb_slide\" style=\"background: url(https:\/\/www.feuerwehr-pettneu.at\/wp\/wp-content\/uploads\/2017\/08\/ausflug_jugend171009_006.jpg);\"><\/div><div class=\"et_pb_slide\" style=\"background: url(https:\/\/www.feuerwehr-pettneu.at\/wp\/wp-content\/uploads\/2017\/08\/ausflug_jugend171009_007.jpg);\"><\/div><div class=\"et_pb_slide\" style=\"background: url(https:\/\/www.feuerwehr-pettneu.at\/wp\/wp-content\/uploads\/2017\/08\/ausflug_jugend171009_008.jpg);\"><\/div><div class=\"et_pb_slide\" style=\"background: url(https:\/\/www.feuerwehr-pettneu.at\/wp\/wp-content\/uploads\/2017\/08\/ausflug_jugend171009_009.jpg);\"><\/div><div class=\"et_pb_slide\" style=\"background: url(https:\/\/www.feuerwehr-pettneu.at\/wp\/wp-content\/uploads\/2017\/08\/ausflug_jugend171009_010.jpg);\"><\/div><div class=\"et_pb_slide\" style=\"background: url(https:\/\/www.feuerwehr-pettneu.at\/wp\/wp-content\/uploads\/2017\/08\/ausflug_jugend171009_011.jpg);\"><\/div><div class=\"et_pb_slide\" style=\"background: url(https:\/\/www.feuerwehr-pettneu.at\/wp\/wp-content\/uploads\/2017\/08\/ausflug_jugend171009_012.jpg);\"><\/div><div class=\"et_pb_slide\" style=\"background: url(https:\/\/www.feuerwehr-pettneu.at\/wp\/wp-content\/uploads\/2017\/08\/ausflug_jugend171009_013.jpg);\"><\/div><div class=\"et_pb_slide\" style=\"background: url(https:\/\/www.feuerwehr-pettneu.at\/wp\/wp-content\/uploads\/2017\/08\/ausflug_jugend171009_014.jpg);\"><\/div><div class=\"et_pb_slide\" style=\"background: url(https:\/\/www.feuerwehr-pettneu.at\/wp\/wp-content\/uploads\/2017\/08\/ausflug_jugend171009_015.jpg);\"><\/div><div class=\"et_pb_slide\" style=\"background: url(https:\/\/www.feuerwehr-pettneu.at\/wp\/wp-content\/uploads\/2017\/08\/ausflug_jugend171009_016.jpg);\"><\/div><div class=\"et_pb_slide\" style=\"background: url(https:\/\/www.feuerwehr-pettneu.at\/wp\/wp-content\/uploads\/2017\/08\/ausflug_jugend171009_017.jpg);\"><\/div><div class=\"et_pb_slide\" style=\"background: url(https:\/\/www.feuerwehr-pettneu.at\/wp\/wp-content\/uploads\/2017\/08\/ausflug_jugend171009_018.jpg);\"><\/div><div class=\"et_pb_slide\" style=\"background: url(https:\/\/www.feuerwehr-pettneu.at\/wp\/wp-content\/uploads\/2017\/08\/ausflug_jugend171009_019.jpg);\"><\/div><div class=\"et_pb_slide\" style=\"background: url(https:\/\/www.feuerwehr-pettneu.at\/wp\/wp-content\/uploads\/2017\/08\/ausflug_jugend171009_020.jpg);\"><\/div><div class=\"et_pb_slide\" style=\"background: url(https:\/\/www.feuerwehr-pettneu.at\/wp\/wp-content\/uploads\/2017\/08\/ausflug_jugend171009_021.jpg);\"><\/div><div class=\"et_pb_slide\" style=\"background: url(https:\/\/www.feuerwehr-pettneu.at\/wp\/wp-content\/uploads\/2017\/08\/ausflug_jugend171009_022.jpg);\"><\/div><div class=\"et_pb_slide\" style=\"background: url(https:\/\/www.feuerwehr-pettneu.at\/wp\/wp-content\/uploads\/2017\/08\/ausflug_jugend171009_023.jpg);\"><\/div><div class=\"et_pb_slide\" style=\"background: url(https:\/\/www.feuerwehr-pettneu.at\/wp\/wp-content\/uploads\/2017\/08\/ausflug_jugend171009_024.jpg);\"><\/div><div class=\"et_pb_slide\" style=\"background: url(https:\/\/www.feuerwehr-pettneu.at\/wp\/wp-content\/uploads\/2017\/08\/ausflug_jugend171009_025.jpg);\"><\/div><div class=\"et_pb_slide\" style=\"background: url(https:\/\/www.feuerwehr-pettneu.at\/wp\/wp-content\/uploads\/2017\/08\/ausflug_jugend171009_026.jpg);\"><\/div>\n\t\t\t\t<\/div>\n\t\t\t<\/div>\n","protected":false},"excerpt":{"rendered":"<p>Am Samstag den 17.10.2009 fand ein Jugendausflug ins S\u00fcdtirol statt. Um 7 Uhr war Treffpunkt bei der FF-Halle in Landeck, danach ging es mit dem Bus nach Bozen, wo wir Einblicke in die Berufsfeuerwehr Bozen genie\u00dfen konnten. Nach einer Pizza zu Mittag fuhren wir nach Meran. Dort gings mit dem Alpine Bob Meran 2000 steil [&hellip;]<\/p>\n","protected":false},"author":3,"featured_media":15521,"comment_status":"open","ping_status":"open","sticky":false,"template":"","format":"standard","meta":{"_et_pb_use_builder":"","_et_pb_old_content":"","_et_gb_content_width":"","_jetpack_memberships_contains_paid_content":false,"footnotes":"","jetpack_publicize_message":"","jetpack_publicize_feature_enabled":true,"jetpack_social_post_already_shared":true,"jetpack_social_options":{"image_generator_settings":{"template":"highway","default_image_id":0,"font":"","enabled":false},"version":2}},"categories":[1,13,5],"tags":[],"class_list":["post-11855","post","type-post","status-publish","format-standard","has-post-thumbnail","hentry","category-blog","category-jugend","category-taetigkeiten"],"jetpack_publicize_connections":[],"jetpack_featured_media_url":"https:\/\/www.feuerwehr-pettneu.at\/wp\/wp-content\/uploads\/2017\/08\/ausflug_jugend171009_001.jpg","jetpack_sharing_enabled":true,"jetpack-related-posts":[{"id":11859,"url":"https:\/\/www.feuerwehr-pettneu.at\/wp\/jugendfeuerwehr-ausflug_12092009","url_meta":{"origin":11855,"position":0},"title":"Jugendfeuerwehr Ausflug","author":"Paul Nothdurfter","date":"Samstag, 12. September 2009","format":false,"excerpt":"Am 12.09.2009 machte sich die Jugendfeuerwehr der FF-Pettneu auf den Weg zum Tag der offenen T\u00fcr der Landesfeuerwehrschule Tirol. Nach der Besichtigung und nach dem wir uns gest\u00e4rkt hatten ging es weiter nach Imst zum Alpincoaster. Dort hatten wir wie man auf den Fotos sehen kann \"A rie\u00dfen Gaudi\". Den\u2026","rel":"","context":"In &quot;Blog&quot;","block_context":{"text":"Blog","link":"https:\/\/www.feuerwehr-pettneu.at\/wp\/category\/blog"},"img":{"alt_text":"","src":"https:\/\/i0.wp.com\/www.feuerwehr-pettneu.at\/wp\/wp-content\/uploads\/2017\/08\/jugendausflug120909_020.jpg?resize=350%2C200&ssl=1","width":350,"height":200,"srcset":"https:\/\/i0.wp.com\/www.feuerwehr-pettneu.at\/wp\/wp-content\/uploads\/2017\/08\/jugendausflug120909_020.jpg?resize=350%2C200&ssl=1 1x, https:\/\/i0.wp.com\/www.feuerwehr-pettneu.at\/wp\/wp-content\/uploads\/2017\/08\/jugendausflug120909_020.jpg?resize=525%2C300&ssl=1 1.5x, https:\/\/i0.wp.com\/www.feuerwehr-pettneu.at\/wp\/wp-content\/uploads\/2017\/08\/jugendausflug120909_020.jpg?resize=700%2C400&ssl=1 2x"},"classes":[]},{"id":17862,"url":"https:\/\/www.feuerwehr-pettneu.at\/wp\/kameradschaftsausflug-nach-linz_30092017","url_meta":{"origin":11855,"position":1},"title":"Kameradschaftsausflug nach Linz","author":"FF-Pettneu","date":"Samstag, 30. September 2017","format":false,"excerpt":"Nach mehrfachem Wunsch unserer Feuerwehrkameraden haben wir uns dieses Jahr f\u00fcr einen zweit\u00e4gigen Ausflug entschlossen. Am Samstag den 30.9. ging es f\u00fcr die 50 Teilnehmer p\u00fcnktlich um 7:00 Uhr von Pettneu los. Unsere Fahrt f\u00fchrte uns \u00fcber das Deutsche Eck bis nach Samerberg wo uns ein z\u00fcnftiges Wei\u00dfwurst Fr\u00fchst\u00fcck erwartete.\u2026","rel":"","context":"In &quot;Blog&quot;","block_context":{"text":"Blog","link":"https:\/\/www.feuerwehr-pettneu.at\/wp\/category\/blog"},"img":{"alt_text":"","src":"https:\/\/i0.wp.com\/www.feuerwehr-pettneu.at\/wp\/wp-content\/uploads\/2017\/10\/ausflug_linz_30092017_032.jpg?resize=350%2C200&ssl=1","width":350,"height":200,"srcset":"https:\/\/i0.wp.com\/www.feuerwehr-pettneu.at\/wp\/wp-content\/uploads\/2017\/10\/ausflug_linz_30092017_032.jpg?resize=350%2C200&ssl=1 1x, https:\/\/i0.wp.com\/www.feuerwehr-pettneu.at\/wp\/wp-content\/uploads\/2017\/10\/ausflug_linz_30092017_032.jpg?resize=525%2C300&ssl=1 1.5x, https:\/\/i0.wp.com\/www.feuerwehr-pettneu.at\/wp\/wp-content\/uploads\/2017\/10\/ausflug_linz_30092017_032.jpg?resize=700%2C400&ssl=1 2x"},"classes":[]},{"id":21644,"url":"https:\/\/www.feuerwehr-pettneu.at\/wp\/feuerwehrjugend-ausflug_29062019","url_meta":{"origin":11855,"position":2},"title":"Feuerwehrjugend Ausflug","author":"FF-Pettneu","date":"Samstag, 29. Juni 2019","format":false,"excerpt":"Vom 28.-30. Juni 2019 fand in Telfs der 1. Feuerwehrjugend-Leistungsbewerb der Alpenregionen statt. Die Gro\u00dfveranstaltung an der 2600 Jugendliche und 700 Betreuer teilnahmen war hervorragend organisiert. Da unsere Feuerwehrjugend dieses Jahr nicht teilnehmen konnte, entschieden wir uns am Samstag, dem 29.06. einen Tagesausflug zum Bewerb zu unternehmen. Gestartet wurde schon\u2026","rel":"","context":"In &quot;Blog&quot;","block_context":{"text":"Blog","link":"https:\/\/www.feuerwehr-pettneu.at\/wp\/category\/blog"},"img":{"alt_text":"","src":"https:\/\/i0.wp.com\/www.feuerwehr-pettneu.at\/wp\/wp-content\/uploads\/2019\/08\/feuerwehrjugend_ausflug_telfs_29062019_001.jpg?resize=350%2C200&ssl=1","width":350,"height":200,"srcset":"https:\/\/i0.wp.com\/www.feuerwehr-pettneu.at\/wp\/wp-content\/uploads\/2019\/08\/feuerwehrjugend_ausflug_telfs_29062019_001.jpg?resize=350%2C200&ssl=1 1x, https:\/\/i0.wp.com\/www.feuerwehr-pettneu.at\/wp\/wp-content\/uploads\/2019\/08\/feuerwehrjugend_ausflug_telfs_29062019_001.jpg?resize=525%2C300&ssl=1 1.5x, https:\/\/i0.wp.com\/www.feuerwehr-pettneu.at\/wp\/wp-content\/uploads\/2019\/08\/feuerwehrjugend_ausflug_telfs_29062019_001.jpg?resize=700%2C400&ssl=1 2x"},"classes":[]},{"id":11785,"url":"https:\/\/www.feuerwehr-pettneu.at\/wp\/jugendausflug-therme-erding_08122011","url_meta":{"origin":11855,"position":3},"title":"Jugendausflug Therme Erding","author":"Paul Nothdurfter","date":"Donnerstag, 08. Dezember 2011","format":false,"excerpt":"Unser BFJ \u2013 Sachbearbeiter Hannes Rudig hat einen Ausflug aller 16 Jugendgruppen aus dem Bezirk zur Therme Erding - Europas gr\u00f6\u00dftem Wasserrutschenparadies organisiert. Der Spa\u00dffaktor war gro\u00df und es war ein unvergessliches Erlebnis. Danke an alle die den Ausflug erm\u00f6glicht haben!","rel":"","context":"In &quot;Blog&quot;","block_context":{"text":"Blog","link":"https:\/\/www.feuerwehr-pettneu.at\/wp\/category\/blog"},"img":{"alt_text":"","src":"https:\/\/i0.wp.com\/www.feuerwehr-pettneu.at\/wp\/wp-content\/uploads\/2011\/12\/IMG_2624.jpg?resize=350%2C200&ssl=1","width":350,"height":200,"srcset":"https:\/\/i0.wp.com\/www.feuerwehr-pettneu.at\/wp\/wp-content\/uploads\/2011\/12\/IMG_2624.jpg?resize=350%2C200&ssl=1 1x, https:\/\/i0.wp.com\/www.feuerwehr-pettneu.at\/wp\/wp-content\/uploads\/2011\/12\/IMG_2624.jpg?resize=525%2C300&ssl=1 1.5x, https:\/\/i0.wp.com\/www.feuerwehr-pettneu.at\/wp\/wp-content\/uploads\/2011\/12\/IMG_2624.jpg?resize=700%2C400&ssl=1 2x"},"classes":[]},{"id":21732,"url":"https:\/\/www.feuerwehr-pettneu.at\/wp\/ausflug-feuerwehrjugend_21092019","url_meta":{"origin":11855,"position":4},"title":"Ausflug Feuerwehrjugend","author":"FF-Pettneu","date":"Samstag, 21. September 2019","format":false,"excerpt":"Am 21. September 2019 fand der 2. Tag der Sicherheit in der Landesfeuerwehrschule in Telfs statt. Am Programm standen eine Leistungsschau, Ausstellungen und Vortr\u00e4ge bei denen sich die verschiedenen Blaulichtorganisationen in Tirol pr\u00e4sentierten. Als weiterer Programmpunkt fand der Tag der offenen T\u00fcre der Feuerwehrschule statt. Die zahlreichen Vorf\u00fchrungen von Polizei,\u2026","rel":"","context":"In &quot;Blog&quot;","block_context":{"text":"Blog","link":"https:\/\/www.feuerwehr-pettneu.at\/wp\/category\/blog"},"img":{"alt_text":"","src":"https:\/\/i0.wp.com\/www.feuerwehr-pettneu.at\/wp\/wp-content\/uploads\/2019\/09\/feuerwehrjugend_ausflug_lfs_telfs_21092019_001.jpg?resize=350%2C200&ssl=1","width":350,"height":200,"srcset":"https:\/\/i0.wp.com\/www.feuerwehr-pettneu.at\/wp\/wp-content\/uploads\/2019\/09\/feuerwehrjugend_ausflug_lfs_telfs_21092019_001.jpg?resize=350%2C200&ssl=1 1x, https:\/\/i0.wp.com\/www.feuerwehr-pettneu.at\/wp\/wp-content\/uploads\/2019\/09\/feuerwehrjugend_ausflug_lfs_telfs_21092019_001.jpg?resize=525%2C300&ssl=1 1.5x, https:\/\/i0.wp.com\/www.feuerwehr-pettneu.at\/wp\/wp-content\/uploads\/2019\/09\/feuerwehrjugend_ausflug_lfs_telfs_21092019_001.jpg?resize=700%2C400&ssl=1 2x"},"classes":[]},{"id":10704,"url":"https:\/\/www.feuerwehr-pettneu.at\/wp\/ausflug-der-feuerwehrjugend_01082014","url_meta":{"origin":11855,"position":5},"title":"Ausflug der Feuerwehrjugend","author":"Paul Nothdurfter","date":"Freitag, 01. August 2014","format":false,"excerpt":"Unter dem Motto \u201eA Gaudi sett sai\u201c verbrachten wir Freitag auf Samstag im Malfontal auf der Bergrettungsh\u00fctte. Mit von der Partie waren: Ingrid, Magdalena, Martha, Franz, Christopher, Julian und Stoffl. Bei Spa\u00df und Spiel, mit Lagerfeuer und Wett-Rasenm\u00e4hen sowie Karte, Kompass und Funk war Langeweile kein Thema.","rel":"","context":"In &quot;Blog&quot;","block_context":{"text":"Blog","link":"https:\/\/www.feuerwehr-pettneu.at\/wp\/category\/blog"},"img":{"alt_text":"","src":"https:\/\/i0.wp.com\/www.feuerwehr-pettneu.at\/wp\/wp-content\/uploads\/2017\/08\/jugend_malfon_02082014_001.jpg?resize=350%2C200&ssl=1","width":350,"height":200,"srcset":"https:\/\/i0.wp.com\/www.feuerwehr-pettneu.at\/wp\/wp-content\/uploads\/2017\/08\/jugend_malfon_02082014_001.jpg?resize=350%2C200&ssl=1 1x, https:\/\/i0.wp.com\/www.feuerwehr-pettneu.at\/wp\/wp-content\/uploads\/2017\/08\/jugend_malfon_02082014_001.jpg?resize=525%2C300&ssl=1 1.5x"},"classes":[]}],"_links":{"self":[{"href":"https:\/\/www.feuerwehr-pettneu.at\/wp\/wp-json\/wp\/v2\/posts\/11855","targetHints":{"allow":["GET"]}}],"collection":[{"href":"https:\/\/www.feuerwehr-pettneu.at\/wp\/wp-json\/wp\/v2\/posts"}],"about":[{"href":"https:\/\/www.feuerwehr-pettneu.at\/wp\/wp-json\/wp\/v2\/types\/post"}],"author":[{"embeddable":true,"href":"https:\/\/www.feuerwehr-pettneu.at\/wp\/wp-json\/wp\/v2\/users\/3"}],"replies":[{"embeddable":true,"href":"https:\/\/www.feuerwehr-pettneu.at\/wp\/wp-json\/wp\/v2\/comments?post=11855"}],"version-history":[{"count":0,"href":"https:\/\/www.feuerwehr-pettneu.at\/wp\/wp-json\/wp\/v2\/posts\/11855\/revisions"}],"wp:featuredmedia":[{"embeddable":true,"href":"https:\/\/www.feuerwehr-pettneu.at\/wp\/wp-json\/wp\/v2\/media\/15521"}],"wp:attachment":[{"href":"https:\/\/www.feuerwehr-pettneu.at\/wp\/wp-json\/wp\/v2\/media?parent=11855"}],"wp:term":[{"taxonomy":"category","embeddable":true,"href":"https:\/\/www.feuerwehr-pettneu.at\/wp\/wp-json\/wp\/v2\/categories?post=11855"},{"taxonomy":"post_tag","embeddable":true,"href":"https:\/\/www.feuerwehr-pettneu.at\/wp\/wp-json\/wp\/v2\/tags?post=11855"}],"curies":[{"name":"wp","href":"https:\/\/api.w.org\/{rel}","templated":true}]}}