{"id":11828,"date":"2010-07-30T11:56:30","date_gmt":"2010-07-30T09:56:30","guid":{"rendered":"http:\/\/www.feuerwehr-pettneu.at\/wp\/?p=11828"},"modified":"2017-09-29T21:14:07","modified_gmt":"2017-09-29T19:14:07","slug":"bezirksjugendzeltlager","status":"publish","type":"post","link":"https:\/\/www.feuerwehr-pettneu.at\/wp\/bezirksjugendzeltlager_30072010","title":{"rendered":"Bezirksjugendzeltlager"},"content":{"rendered":"<p>Vom 30.07. bis 01.08.2010 fand im wundersch\u00f6nen Verwalltal das Bezirksjugendzeltlager, das die FF-St. Anton veranstaltet hat statt. Am Freitag war die gro\u00dfe Anreise, danach folgte ein 8 km langer Orientierungsmarsch den die Jugendgruppen bestreiten mussten. Nach einer kalten Nacht war um halb 7 Tagwache, das Thermometer zeigte (nur noch) 2 Grad an. Nach dem Fr\u00fchst\u00fcck gings frisch gest\u00e4rkt weiter mit Abseilen an der Staumauer, Flying Fox, Hochseilgarten und einer Knotenschulung. Am Abend genossen wir das Lagerfeuer und schauten in den Sternen Himmel. Am Sonntag nach dem Zeltabbau fand eine Feldmesse statt, die wir mit den Eltern feiern durften.<\/p>\n<p>Die Jugendfeuerwehr der FF-Pettneu bedankt sich bei der FF-St. Anton f\u00fcr die sch\u00f6nen 3 Tage im Verwall!<\/p>\n<div class=\"et_pb_slider et_pb_slider_fullwidth_off et_pb_gallery_post_type\">\n\t\t\t\t<div class=\"et_pb_slides\">\n\t\t\t\t\t<div class=\"et_pb_slide\" style=\"background: url(https:\/\/www.feuerwehr-pettneu.at\/wp\/wp-content\/uploads\/2017\/09\/jugendlager_st_anton2010_001.jpg);\"><\/div><div class=\"et_pb_slide\" style=\"background: url(https:\/\/www.feuerwehr-pettneu.at\/wp\/wp-content\/uploads\/2017\/09\/jugendlager_st_anton2010_002.jpg);\"><\/div><div class=\"et_pb_slide\" style=\"background: url(https:\/\/www.feuerwehr-pettneu.at\/wp\/wp-content\/uploads\/2017\/09\/jugendlager_st_anton2010_003.jpg);\"><\/div><div class=\"et_pb_slide\" style=\"background: url(https:\/\/www.feuerwehr-pettneu.at\/wp\/wp-content\/uploads\/2017\/09\/jugendlager_st_anton2010_004.jpg);\"><\/div><div class=\"et_pb_slide\" style=\"background: url(https:\/\/www.feuerwehr-pettneu.at\/wp\/wp-content\/uploads\/2017\/09\/jugendlager_st_anton2010_005.jpg);\"><\/div><div class=\"et_pb_slide\" style=\"background: url(https:\/\/www.feuerwehr-pettneu.at\/wp\/wp-content\/uploads\/2017\/09\/jugendlager_st_anton2010_006.jpg);\"><\/div><div class=\"et_pb_slide\" style=\"background: url(https:\/\/www.feuerwehr-pettneu.at\/wp\/wp-content\/uploads\/2017\/09\/jugendlager_st_anton2010_007.jpg);\"><\/div><div class=\"et_pb_slide\" style=\"background: url(https:\/\/www.feuerwehr-pettneu.at\/wp\/wp-content\/uploads\/2017\/09\/jugendlager_st_anton2010_008.jpg);\"><\/div><div class=\"et_pb_slide\" style=\"background: url(https:\/\/www.feuerwehr-pettneu.at\/wp\/wp-content\/uploads\/2017\/09\/jugendlager_st_anton2010_009.jpg);\"><\/div><div class=\"et_pb_slide\" style=\"background: url(https:\/\/www.feuerwehr-pettneu.at\/wp\/wp-content\/uploads\/2017\/09\/jugendlager_st_anton2010_010.jpg);\"><\/div><div class=\"et_pb_slide\" style=\"background: url(https:\/\/www.feuerwehr-pettneu.at\/wp\/wp-content\/uploads\/2017\/09\/jugendlager_st_anton2010_011.jpg);\"><\/div><div class=\"et_pb_slide\" style=\"background: url(https:\/\/www.feuerwehr-pettneu.at\/wp\/wp-content\/uploads\/2017\/09\/jugendlager_st_anton2010_012.jpg);\"><\/div><div class=\"et_pb_slide\" style=\"background: url(https:\/\/www.feuerwehr-pettneu.at\/wp\/wp-content\/uploads\/2017\/09\/jugendlager_st_anton2010_013.jpg);\"><\/div><div class=\"et_pb_slide\" style=\"background: url(https:\/\/www.feuerwehr-pettneu.at\/wp\/wp-content\/uploads\/2017\/09\/jugendlager_st_anton2010_014.jpg);\"><\/div><div class=\"et_pb_slide\" style=\"background: url(https:\/\/www.feuerwehr-pettneu.at\/wp\/wp-content\/uploads\/2017\/09\/jugendlager_st_anton2010_015.jpg);\"><\/div><div class=\"et_pb_slide\" style=\"background: url(https:\/\/www.feuerwehr-pettneu.at\/wp\/wp-content\/uploads\/2017\/09\/jugendlager_st_anton2010_016.jpg);\"><\/div><div class=\"et_pb_slide\" style=\"background: url(https:\/\/www.feuerwehr-pettneu.at\/wp\/wp-content\/uploads\/2017\/09\/jugendlager_st_anton2010_017.jpg);\"><\/div><div class=\"et_pb_slide\" style=\"background: url(https:\/\/www.feuerwehr-pettneu.at\/wp\/wp-content\/uploads\/2017\/09\/jugendlager_st_anton2010_018.jpg);\"><\/div><div class=\"et_pb_slide\" style=\"background: url(https:\/\/www.feuerwehr-pettneu.at\/wp\/wp-content\/uploads\/2017\/09\/jugendlager_st_anton2010_019.jpg);\"><\/div><div class=\"et_pb_slide\" style=\"background: url(https:\/\/www.feuerwehr-pettneu.at\/wp\/wp-content\/uploads\/2017\/09\/jugendlager_st_anton2010_020.jpg);\"><\/div><div class=\"et_pb_slide\" style=\"background: url(https:\/\/www.feuerwehr-pettneu.at\/wp\/wp-content\/uploads\/2017\/09\/jugendlager_st_anton2010_021.jpg);\"><\/div><div class=\"et_pb_slide\" style=\"background: url(https:\/\/www.feuerwehr-pettneu.at\/wp\/wp-content\/uploads\/2017\/09\/jugendlager_st_anton2010_022.jpg);\"><\/div><div class=\"et_pb_slide\" style=\"background: url(https:\/\/www.feuerwehr-pettneu.at\/wp\/wp-content\/uploads\/2017\/09\/jugendlager_st_anton2010_023.jpg);\"><\/div><div class=\"et_pb_slide\" style=\"background: url(https:\/\/www.feuerwehr-pettneu.at\/wp\/wp-content\/uploads\/2017\/09\/jugendlager_st_anton2010_024.jpg);\"><\/div><div class=\"et_pb_slide\" style=\"background: url(https:\/\/www.feuerwehr-pettneu.at\/wp\/wp-content\/uploads\/2017\/09\/jugendlager_st_anton2010_025.jpg);\"><\/div><div class=\"et_pb_slide\" style=\"background: url(https:\/\/www.feuerwehr-pettneu.at\/wp\/wp-content\/uploads\/2017\/09\/jugendlager_st_anton2010_026.jpg);\"><\/div><div class=\"et_pb_slide\" style=\"background: url(https:\/\/www.feuerwehr-pettneu.at\/wp\/wp-content\/uploads\/2017\/09\/jugendlager_st_anton2010_027.jpg);\"><\/div><div class=\"et_pb_slide\" style=\"background: url(https:\/\/www.feuerwehr-pettneu.at\/wp\/wp-content\/uploads\/2017\/09\/jugendlager_st_anton2010_028.jpg);\"><\/div><div class=\"et_pb_slide\" style=\"background: url(https:\/\/www.feuerwehr-pettneu.at\/wp\/wp-content\/uploads\/2017\/09\/jugendlager_st_anton2010_029.jpg);\"><\/div><div class=\"et_pb_slide\" style=\"background: url(https:\/\/www.feuerwehr-pettneu.at\/wp\/wp-content\/uploads\/2017\/09\/jugendlager_st_anton2010_030.jpg);\"><\/div><div class=\"et_pb_slide\" style=\"background: url(https:\/\/www.feuerwehr-pettneu.at\/wp\/wp-content\/uploads\/2017\/09\/jugendlager_st_anton2010_031.jpg);\"><\/div><div class=\"et_pb_slide\" style=\"background: url(https:\/\/www.feuerwehr-pettneu.at\/wp\/wp-content\/uploads\/2017\/09\/jugendlager_st_anton2010_032.jpg);\"><\/div><div class=\"et_pb_slide\" style=\"background: url(https:\/\/www.feuerwehr-pettneu.at\/wp\/wp-content\/uploads\/2017\/09\/jugendlager_st_anton2010_033.jpg);\"><\/div><div class=\"et_pb_slide\" style=\"background: url(https:\/\/www.feuerwehr-pettneu.at\/wp\/wp-content\/uploads\/2017\/09\/jugendlager_st_anton2010_034.jpg);\"><\/div><div class=\"et_pb_slide\" style=\"background: url(https:\/\/www.feuerwehr-pettneu.at\/wp\/wp-content\/uploads\/2017\/09\/jugendlager_st_anton2010_035.jpg);\"><\/div><div class=\"et_pb_slide\" style=\"background: url(https:\/\/www.feuerwehr-pettneu.at\/wp\/wp-content\/uploads\/2017\/09\/jugendlager_st_anton2010_036.jpg);\"><\/div><div class=\"et_pb_slide\" style=\"background: url(https:\/\/www.feuerwehr-pettneu.at\/wp\/wp-content\/uploads\/2017\/09\/jugendlager_st_anton2010_037.jpg);\"><\/div><div class=\"et_pb_slide\" style=\"background: url(https:\/\/www.feuerwehr-pettneu.at\/wp\/wp-content\/uploads\/2017\/09\/jugendlager_st_anton2010_038.jpg);\"><\/div><div class=\"et_pb_slide\" style=\"background: url(https:\/\/www.feuerwehr-pettneu.at\/wp\/wp-content\/uploads\/2017\/09\/jugendlager_st_anton2010_039.jpg);\"><\/div><div class=\"et_pb_slide\" style=\"background: url(https:\/\/www.feuerwehr-pettneu.at\/wp\/wp-content\/uploads\/2017\/09\/jugendlager_st_anton2010_040.jpg);\"><\/div><div class=\"et_pb_slide\" style=\"background: url(https:\/\/www.feuerwehr-pettneu.at\/wp\/wp-content\/uploads\/2017\/09\/jugendlager_st_anton2010_041.jpg);\"><\/div><div class=\"et_pb_slide\" style=\"background: url(https:\/\/www.feuerwehr-pettneu.at\/wp\/wp-content\/uploads\/2017\/09\/jugendlager_st_anton2010_042.jpg);\"><\/div><div class=\"et_pb_slide\" style=\"background: url(https:\/\/www.feuerwehr-pettneu.at\/wp\/wp-content\/uploads\/2017\/09\/jugendlager_st_anton2010_043.jpg);\"><\/div><div class=\"et_pb_slide\" style=\"background: url(https:\/\/www.feuerwehr-pettneu.at\/wp\/wp-content\/uploads\/2017\/09\/jugendlager_st_anton2010_044.jpg);\"><\/div>\n\t\t\t\t<\/div>\n\t\t\t<\/div>\n","protected":false},"excerpt":{"rendered":"<p>Vom 30.07. bis 01.08.2010 fand im wundersch\u00f6nen Verwalltal das Bezirksjugendzeltlager, das die FF-St. Anton veranstaltet hat statt. Am Freitag war die gro\u00dfe Anreise, danach folgte ein 8 km langer Orientierungsmarsch den die Jugendgruppen bestreiten mussten. Nach einer kalten Nacht war um halb 7 Tagwache, das Thermometer zeigte (nur noch) 2 Grad an. Nach dem Fr\u00fchst\u00fcck [&hellip;]<\/p>\n","protected":false},"author":3,"featured_media":16995,"comment_status":"open","ping_status":"open","sticky":false,"template":"","format":"standard","meta":{"_et_pb_use_builder":"","_et_pb_old_content":"","_et_gb_content_width":"","_jetpack_memberships_contains_paid_content":false,"footnotes":"","jetpack_publicize_message":"","jetpack_publicize_feature_enabled":true,"jetpack_social_post_already_shared":true,"jetpack_social_options":{"image_generator_settings":{"template":"highway","default_image_id":0,"font":"","enabled":false},"version":2}},"categories":[1,13,5],"tags":[],"class_list":["post-11828","post","type-post","status-publish","format-standard","has-post-thumbnail","hentry","category-blog","category-jugend","category-taetigkeiten"],"jetpack_publicize_connections":[],"jetpack_featured_media_url":"https:\/\/www.feuerwehr-pettneu.at\/wp\/wp-content\/uploads\/2017\/09\/jugendlager_st_anton2010_020.jpg","jetpack_sharing_enabled":true,"jetpack-related-posts":[{"id":11757,"url":"https:\/\/www.feuerwehr-pettneu.at\/wp\/jugendzeltlager-in-pfunds_07092012","url_meta":{"origin":11828,"position":0},"title":"Jugendzeltlager in Pfunds","author":"Paul Nothdurfter","date":"Freitag, 07. September 2012","format":false,"excerpt":"Von Freitag 07.09. bis Sonntag 09.09. fand das diesj\u00e4hrige Zeltlager der Feuerwehrjugend des Bezirkes Landeck in der Pfundser Tschey statt. Nachdem wir am Freitagnachmittag das Auto vollgepackt hatten, fuhren wir in die 1700m hochgelegene Pfundser Tschey. Nach dem Zeltaufbau genossen wir beim Abendessen den sch\u00f6nen Sonnenuntergang. Anschlie\u00dfend fand unter den\u2026","rel":"","context":"In &quot;Blog&quot;","block_context":{"text":"Blog","link":"https:\/\/www.feuerwehr-pettneu.at\/wp\/category\/blog"},"img":{"alt_text":"","src":"https:\/\/i0.wp.com\/www.feuerwehr-pettneu.at\/wp\/wp-content\/uploads\/2017\/08\/zeltlager_12_022.jpg?resize=350%2C200&ssl=1","width":350,"height":200,"srcset":"https:\/\/i0.wp.com\/www.feuerwehr-pettneu.at\/wp\/wp-content\/uploads\/2017\/08\/zeltlager_12_022.jpg?resize=350%2C200&ssl=1 1x, https:\/\/i0.wp.com\/www.feuerwehr-pettneu.at\/wp\/wp-content\/uploads\/2017\/08\/zeltlager_12_022.jpg?resize=525%2C300&ssl=1 1.5x"},"classes":[]},{"id":9626,"url":"https:\/\/www.feuerwehr-pettneu.at\/wp\/landesbewerb-der-feuerwehrjugend_24062016","url_meta":{"origin":11828,"position":1},"title":"Landesbewerb der Feuerwehrjugend","author":"Paul Nothdurfter","date":"Freitag, 24. Juni 2016","format":false,"excerpt":"Vom 24.06 -26.06.2016 fand in Prutz der 32. Landes-Jugendleistungsbewerb und das 12. Landeszeltlager statt. Die Feuerwehr Pettneu nahm mit 8 M\u00e4dchen und Burschen teil. Aufgrund der geforderten Teilnehmer pro Gruppe war erforderlich, 4 Mischgruppen aus den Feuerwehren St. Anton, Pettneu und Flirsch zu bilden. Bei besten Bedingungen am Sportplatzgel\u00e4nde in\u2026","rel":"","context":"In &quot;Blog&quot;","block_context":{"text":"Blog","link":"https:\/\/www.feuerwehr-pettneu.at\/wp\/category\/blog"},"img":{"alt_text":"","src":"https:\/\/i0.wp.com\/www.feuerwehr-pettneu.at\/wp\/wp-content\/uploads\/2017\/08\/ljlb_prutz_25062016_036.jpg?resize=350%2C200&ssl=1","width":350,"height":200,"srcset":"https:\/\/i0.wp.com\/www.feuerwehr-pettneu.at\/wp\/wp-content\/uploads\/2017\/08\/ljlb_prutz_25062016_036.jpg?resize=350%2C200&ssl=1 1x, https:\/\/i0.wp.com\/www.feuerwehr-pettneu.at\/wp\/wp-content\/uploads\/2017\/08\/ljlb_prutz_25062016_036.jpg?resize=525%2C300&ssl=1 1.5x, https:\/\/i0.wp.com\/www.feuerwehr-pettneu.at\/wp\/wp-content\/uploads\/2017\/08\/ljlb_prutz_25062016_036.jpg?resize=700%2C400&ssl=1 2x"},"classes":[]},{"id":7572,"url":"https:\/\/www.feuerwehr-pettneu.at\/wp\/33-landes-jugendleistungsbewerb-in-kirchdorf_25062017","url_meta":{"origin":11828,"position":2},"title":"33. Landes-Jugendleistungsbewerb in Kirchdorf","author":"FF-Pettneu","date":"Sonntag, 25. Juni 2017","format":false,"excerpt":"Vom 23.06. bis zum 25.06.2017 fand der 33. Landes-Jugendleistungsbewerb in Kirchdorf statt. Die Feuerwehr Kirchdorf hatte ein hervorragendes Bewerbswochenende f\u00fcr die Feuerwehrjugend Tirols organisiert. Neben dem Leistungsvergleich auf der Bewerbsbahn sowie beim Staffelparcour fand auch das 13. Landeszeltlager mit einer Lagerolympiade statt. Unsere Jugendgruppe erreichte im landesweiten Vergleich in der\u2026","rel":"","context":"In &quot;Blog&quot;","block_context":{"text":"Blog","link":"https:\/\/www.feuerwehr-pettneu.at\/wp\/category\/blog"},"img":{"alt_text":"","src":"https:\/\/i0.wp.com\/www.feuerwehr-pettneu.at\/wp\/wp-content\/uploads\/2017\/07\/lfjlb_kirchdorf_24062017_015.jpg?resize=350%2C200&ssl=1","width":350,"height":200,"srcset":"https:\/\/i0.wp.com\/www.feuerwehr-pettneu.at\/wp\/wp-content\/uploads\/2017\/07\/lfjlb_kirchdorf_24062017_015.jpg?resize=350%2C200&ssl=1 1x, https:\/\/i0.wp.com\/www.feuerwehr-pettneu.at\/wp\/wp-content\/uploads\/2017\/07\/lfjlb_kirchdorf_24062017_015.jpg?resize=525%2C300&ssl=1 1.5x, https:\/\/i0.wp.com\/www.feuerwehr-pettneu.at\/wp\/wp-content\/uploads\/2017\/07\/lfjlb_kirchdorf_24062017_015.jpg?resize=700%2C400&ssl=1 2x"},"classes":[]},{"id":20060,"url":"https:\/\/www.feuerwehr-pettneu.at\/wp\/34-landes-jugendleistungsbewerb-2018_30062018","url_meta":{"origin":11828,"position":3},"title":"34. Landes &#8211; Jugendleistungsbewerb 2018","author":"FF-Pettneu","date":"Samstag, 30. Juni 2018","format":false,"excerpt":"Vom 29.06. bis zum 01.07.2018 fand der 34. Landes-Jugendleistungsbewerb in Rattenberg statt. Die Feuerwehr Rattenberg hatte ein hervorragendes Bewerbswochenende f\u00fcr die Feuerwehrjugend Tirols organisiert. Neben dem Leistungsvergleich auf der Bewerbsbahn sowie beim Staffelparcour fand auch das 14. Landeszeltlager mit einer Lagerolympiade statt. \u00dcber 40 Bewerbgruppen k\u00e4mpften bei hochsommerlichen Temperaturen um\u2026","rel":"","context":"In &quot;Blog&quot;","block_context":{"text":"Blog","link":"https:\/\/www.feuerwehr-pettneu.at\/wp\/category\/blog"},"img":{"alt_text":"","src":"https:\/\/i0.wp.com\/www.feuerwehr-pettneu.at\/wp\/wp-content\/uploads\/2018\/07\/ljflb_rattenberg_30062018_010.jpg?resize=350%2C200&ssl=1","width":350,"height":200,"srcset":"https:\/\/i0.wp.com\/www.feuerwehr-pettneu.at\/wp\/wp-content\/uploads\/2018\/07\/ljflb_rattenberg_30062018_010.jpg?resize=350%2C200&ssl=1 1x, https:\/\/i0.wp.com\/www.feuerwehr-pettneu.at\/wp\/wp-content\/uploads\/2018\/07\/ljflb_rattenberg_30062018_010.jpg?resize=525%2C300&ssl=1 1.5x, https:\/\/i0.wp.com\/www.feuerwehr-pettneu.at\/wp\/wp-content\/uploads\/2018\/07\/ljflb_rattenberg_30062018_010.jpg?resize=700%2C400&ssl=1 2x"},"classes":[]},{"id":21046,"url":"https:\/\/www.feuerwehr-pettneu.at\/wp\/wissenstest-der-feuerwehrjugend-des-bezirkes-landeck_06042019","url_meta":{"origin":11828,"position":4},"title":"Wissenstest der Feuerwehrjugend des Bezirkes Landeck","author":"FF-Pettneu","date":"Samstag, 06. April 2019","format":false,"excerpt":"Wei\u00dfe Fahne beim Wissenstest! Am Samstag, den 06.04.2019 fand der diesj\u00e4hrige Wissenstest der Feuerwehrjugend des Bezirkes Landeck in Fiss statt. Auf diese Wissenskontrolle bereiteten sich insgesamt 159 Jugendliche aus dem Bezirk Landeck w\u00e4hrend der Wintermonate intensiv vor und alle konnte diese Pr\u00fcfung bestehen. Diese\u2026","rel":"","context":"In &quot;Blog&quot;","block_context":{"text":"Blog","link":"https:\/\/www.feuerwehr-pettneu.at\/wp\/category\/blog"},"img":{"alt_text":"","src":"https:\/\/i0.wp.com\/www.feuerwehr-pettneu.at\/wp\/wp-content\/uploads\/2019\/04\/wissenstest_fiss_06042019_031.jpg?resize=350%2C200&ssl=1","width":350,"height":200,"srcset":"https:\/\/i0.wp.com\/www.feuerwehr-pettneu.at\/wp\/wp-content\/uploads\/2019\/04\/wissenstest_fiss_06042019_031.jpg?resize=350%2C200&ssl=1 1x, https:\/\/i0.wp.com\/www.feuerwehr-pettneu.at\/wp\/wp-content\/uploads\/2019\/04\/wissenstest_fiss_06042019_031.jpg?resize=525%2C300&ssl=1 1.5x, https:\/\/i0.wp.com\/www.feuerwehr-pettneu.at\/wp\/wp-content\/uploads\/2019\/04\/wissenstest_fiss_06042019_031.jpg?resize=700%2C400&ssl=1 2x"},"classes":[]},{"id":19475,"url":"https:\/\/www.feuerwehr-pettneu.at\/wp\/elternabend-der-feuerwehrjugend_05012018","url_meta":{"origin":11828,"position":5},"title":"Elternabend der Feuerwehrjugend","author":"FF-Pettneu","date":"Freitag, 05. Januar 2018","format":false,"excerpt":"Es war wieder soweit. Am 05. 01.2018 fand der Elternabend mit der Feuerwehrjugend in der Feuerwehrhalle statt. Entschuldigt war Kommandant Christian Starjakob, sein Stellvertreter Johannes Scalet begr\u00fc\u00dfte alle Anwesenden. Die Jugendbetreuer Christoph Raggl und Willi Jochum res\u00fcmierten \u00fcber das abgelaufene Jahr 2017 und hoben die hervorragenden Leistungen der Gruppe hervor.\u2026","rel":"","context":"In &quot;Blog&quot;","block_context":{"text":"Blog","link":"https:\/\/www.feuerwehr-pettneu.at\/wp\/category\/blog"},"img":{"alt_text":"","src":"https:\/\/i0.wp.com\/www.feuerwehr-pettneu.at\/wp\/wp-content\/uploads\/2017\/07\/lfjlb_kirchdorf_24062017_048.jpg?resize=350%2C200&ssl=1","width":350,"height":200,"srcset":"https:\/\/i0.wp.com\/www.feuerwehr-pettneu.at\/wp\/wp-content\/uploads\/2017\/07\/lfjlb_kirchdorf_24062017_048.jpg?resize=350%2C200&ssl=1 1x, https:\/\/i0.wp.com\/www.feuerwehr-pettneu.at\/wp\/wp-content\/uploads\/2017\/07\/lfjlb_kirchdorf_24062017_048.jpg?resize=525%2C300&ssl=1 1.5x, https:\/\/i0.wp.com\/www.feuerwehr-pettneu.at\/wp\/wp-content\/uploads\/2017\/07\/lfjlb_kirchdorf_24062017_048.jpg?resize=700%2C400&ssl=1 2x"},"classes":[]}],"_links":{"self":[{"href":"https:\/\/www.feuerwehr-pettneu.at\/wp\/wp-json\/wp\/v2\/posts\/11828","targetHints":{"allow":["GET"]}}],"collection":[{"href":"https:\/\/www.feuerwehr-pettneu.at\/wp\/wp-json\/wp\/v2\/posts"}],"about":[{"href":"https:\/\/www.feuerwehr-pettneu.at\/wp\/wp-json\/wp\/v2\/types\/post"}],"author":[{"embeddable":true,"href":"https:\/\/www.feuerwehr-pettneu.at\/wp\/wp-json\/wp\/v2\/users\/3"}],"replies":[{"embeddable":true,"href":"https:\/\/www.feuerwehr-pettneu.at\/wp\/wp-json\/wp\/v2\/comments?post=11828"}],"version-history":[{"count":0,"href":"https:\/\/www.feuerwehr-pettneu.at\/wp\/wp-json\/wp\/v2\/posts\/11828\/revisions"}],"wp:featuredmedia":[{"embeddable":true,"href":"https:\/\/www.feuerwehr-pettneu.at\/wp\/wp-json\/wp\/v2\/media\/16995"}],"wp:attachment":[{"href":"https:\/\/www.feuerwehr-pettneu.at\/wp\/wp-json\/wp\/v2\/media?parent=11828"}],"wp:term":[{"taxonomy":"category","embeddable":true,"href":"https:\/\/www.feuerwehr-pettneu.at\/wp\/wp-json\/wp\/v2\/categories?post=11828"},{"taxonomy":"post_tag","embeddable":true,"href":"https:\/\/www.feuerwehr-pettneu.at\/wp\/wp-json\/wp\/v2\/tags?post=11828"}],"curies":[{"name":"wp","href":"https:\/\/api.w.org\/{rel}","templated":true}]}}