{"id":11717,"date":"2014-01-29T10:22:02","date_gmt":"2014-01-29T09:22:02","guid":{"rendered":"http:\/\/www.feuerwehr-pettneu.at\/wp\/?p=11717"},"modified":"2017-08-26T10:22:50","modified_gmt":"2017-08-26T08:22:50","slug":"neuerungen-bei-der-ff-pettneu","status":"publish","type":"post","link":"https:\/\/www.feuerwehr-pettneu.at\/wp\/neuerungen-bei-der-ff-pettneu_29012014","title":{"rendered":"Neuerungen bei der FF-Pettneu"},"content":{"rendered":"<p>Nachdem im TLF bereits seit l\u00e4ngerem 300bar Composite- Atemluftflaschen im Einsatz sind, wurde vor kurzem auch das KLF auf 300bar Composite- Atemluftflaschen umger\u00fcstet. Im Vergleich zu den vorher verwendeten 200bar Stahl- Atemluftflaschen wird mit den neuen 300bar Composite- Atemluftflaschen eine l\u00e4ngere Einsatzzeit bei geringerem Gewicht erreicht. Diese wesentlichen Vorteile erleichtern den Atemschutzeinsatz f\u00fcr den Ger\u00e4tetr\u00e4ger erheblich. Aufgrund dieser Ver\u00e4nderung musste auch die Halterung, in welcher die Atemschutzger\u00e4te im KLF verstaut sind, modifiziert werden. Diese Umbauarbeiten wurden von der Feuerwehr Pettneu in Eigenregie durchgef\u00fchrt.<\/p>\n<p>Eine weiter Neuerung sind die 10 neuangeschafften Feuerwehrhelme der Marke Rosenbauer Heros Xtrem. Diese Helme wurden vorwiegend an die Atemschutztr\u00e4ger ausgeteilt und veraltete Feuerwehrhelme wurden ausgemustert. Ein weiterer Vorteil dieses Helmes ist es auch, dass dieser \u00fcber ein weiteres Visier verf\u00fcgt, welches speziell im Einsatz mit der Bergeschere die Augen des Feuerwehrmannes vor Splittern oder sonstigen Fremdk\u00f6rpern zus\u00e4tzlich sch\u00fctzt. Diese Anschaffung wurde mit den Spenden vom letztj\u00e4hrigen Scheibenschlagen finanziert. Hier gilt ein Dank an die Gemeindeb\u00fcrger von Pettneu<\/p>\n<p>&nbsp;<\/p>\n","protected":false},"excerpt":{"rendered":"<p>Nachdem im TLF bereits seit l\u00e4ngerem 300bar Composite- Atemluftflaschen im Einsatz sind, wurde vor kurzem auch das KLF auf 300bar Composite- Atemluftflaschen umger\u00fcstet. Im Vergleich zu den vorher verwendeten 200bar Stahl- Atemluftflaschen wird mit den neuen 300bar Composite- Atemluftflaschen eine l\u00e4ngere Einsatzzeit bei geringerem Gewicht erreicht. Diese wesentlichen Vorteile erleichtern den Atemschutzeinsatz f\u00fcr den Ger\u00e4tetr\u00e4ger [&hellip;]<\/p>\n","protected":false},"author":3,"featured_media":0,"comment_status":"open","ping_status":"open","sticky":false,"template":"","format":"standard","meta":{"_et_pb_use_builder":"","_et_pb_old_content":"","_et_gb_content_width":"","_jetpack_memberships_contains_paid_content":false,"footnotes":"","jetpack_publicize_message":"","jetpack_publicize_feature_enabled":true,"jetpack_social_post_already_shared":true,"jetpack_social_options":{"image_generator_settings":{"template":"highway","default_image_id":0,"font":"","enabled":false},"version":2}},"categories":[1,5],"tags":[],"class_list":["post-11717","post","type-post","status-publish","format-standard","hentry","category-blog","category-taetigkeiten"],"jetpack_publicize_connections":[],"jetpack_featured_media_url":"","jetpack_sharing_enabled":true,"jetpack-related-posts":[{"id":13211,"url":"https:\/\/www.feuerwehr-pettneu.at\/wp\/vollprobe-bei-tschiderer-wendl_08082011","url_meta":{"origin":11717,"position":0},"title":"Vollprobe bei Tschiderer Wendl","author":"Paul Nothdurfter","date":"Montag, 08. August 2011","format":false,"excerpt":"Das Wirtschaftsgeb\u00e4ude von Tschiderer Wendelin war das \u00dcbungsobjekt bei der letzen Vollprobe am Montag den 08.08.2011. Ein Probealarm mit der Leitstelle Tirol \u00fcber die Pager und SMS-Alarmierung wurde durchgef\u00fchrt. Auch der Funk und die Kommunikation zwischen Florian Pettneu, der Einsatzleitung und den Gruppenkommandanten funktionierte reibungslos. Der Atemschutz hatte die Aufgabe\u2026","rel":"","context":"In &quot;Blog&quot;","block_context":{"text":"Blog","link":"https:\/\/www.feuerwehr-pettneu.at\/wp\/category\/blog"},"img":{"alt_text":"","src":"https:\/\/i0.wp.com\/www.feuerwehr-pettneu.at\/wp\/wp-content\/uploads\/2017\/08\/vollprobe080811007.jpg?resize=350%2C200&ssl=1","width":350,"height":200,"srcset":"https:\/\/i0.wp.com\/www.feuerwehr-pettneu.at\/wp\/wp-content\/uploads\/2017\/08\/vollprobe080811007.jpg?resize=350%2C200&ssl=1 1x, https:\/\/i0.wp.com\/www.feuerwehr-pettneu.at\/wp\/wp-content\/uploads\/2017\/08\/vollprobe080811007.jpg?resize=525%2C300&ssl=1 1.5x, https:\/\/i0.wp.com\/www.feuerwehr-pettneu.at\/wp\/wp-content\/uploads\/2017\/08\/vollprobe080811007.jpg?resize=700%2C400&ssl=1 2x"},"classes":[]},{"id":13425,"url":"https:\/\/www.feuerwehr-pettneu.at\/wp\/atemschutz-schulungsabend-2_17032010","url_meta":{"origin":11717,"position":1},"title":"Atemschutz Schulungsabend","author":"Paul Nothdurfter","date":"Mittwoch, 17. M\u00e4rz 2010","format":false,"excerpt":"Am Mittwoch den 17.03.2010 wurde vom Atemschutzbeauftragten OLM Oskar Falch ein Schulungsabend abgehalten. Thema war die Schulung der W\u00e4rmebildkamera sowie die neu angeschaffte Helmfunkgarnitur und die Totmannwarner. \u00a0 \u00a0","rel":"","context":"In &quot;Blog&quot;","block_context":{"text":"Blog","link":"https:\/\/www.feuerwehr-pettneu.at\/wp\/category\/blog"},"img":{"alt_text":"","src":"https:\/\/i0.wp.com\/www.feuerwehr-pettneu.at\/wp\/wp-content\/uploads\/2010\/03\/IMG_0225-1-e1509050448792.jpg?resize=350%2C200&ssl=1","width":350,"height":200,"srcset":"https:\/\/i0.wp.com\/www.feuerwehr-pettneu.at\/wp\/wp-content\/uploads\/2010\/03\/IMG_0225-1-e1509050448792.jpg?resize=350%2C200&ssl=1 1x, https:\/\/i0.wp.com\/www.feuerwehr-pettneu.at\/wp\/wp-content\/uploads\/2010\/03\/IMG_0225-1-e1509050448792.jpg?resize=525%2C300&ssl=1 1.5x, https:\/\/i0.wp.com\/www.feuerwehr-pettneu.at\/wp\/wp-content\/uploads\/2010\/03\/IMG_0225-1-e1509050448792.jpg?resize=700%2C400&ssl=1 2x"},"classes":[]},{"id":27046,"url":"https:\/\/www.feuerwehr-pettneu.at\/wp\/schulungsabend-fuer-atemschutztraeger_10022025","url_meta":{"origin":11717,"position":2},"title":"Schulungsabend f\u00fcr Atemschutztr\u00e4ger","author":"FF-Pettneu","date":"Montag, 10. Februar 2025","format":false,"excerpt":"Am Montag, den 10.02.2025 fand ein Schulungsabend f\u00fcr unsere Atemschutztr\u00e4ger statt, bei dem die Teilnehmer in zwei Gruppen aufgeteilt wurden, um eine gezielte und praxisnahe Ausbildung zu gew\u00e4hrleisten. In Station 1 standen die im vergangenen Jahr neu angeschafften Atemschutzger\u00e4te im Fokus. Die Teilnehmer konnten die Ger\u00e4te sowie das dazugeh\u00f6rige Zubeh\u00f6r\u2026","rel":"","context":"In &quot;Blog&quot;","block_context":{"text":"Blog","link":"https:\/\/www.feuerwehr-pettneu.at\/wp\/category\/blog"},"img":{"alt_text":"","src":"https:\/\/i0.wp.com\/www.feuerwehr-pettneu.at\/wp\/wp-content\/uploads\/2025\/02\/ats_schulungsabend_10022025_005.jpg?resize=350%2C200&ssl=1","width":350,"height":200,"srcset":"https:\/\/i0.wp.com\/www.feuerwehr-pettneu.at\/wp\/wp-content\/uploads\/2025\/02\/ats_schulungsabend_10022025_005.jpg?resize=350%2C200&ssl=1 1x, https:\/\/i0.wp.com\/www.feuerwehr-pettneu.at\/wp\/wp-content\/uploads\/2025\/02\/ats_schulungsabend_10022025_005.jpg?resize=525%2C300&ssl=1 1.5x, https:\/\/i0.wp.com\/www.feuerwehr-pettneu.at\/wp\/wp-content\/uploads\/2025\/02\/ats_schulungsabend_10022025_005.jpg?resize=700%2C400&ssl=1 2x"},"classes":[]},{"id":28356,"url":"https:\/\/www.feuerwehr-pettneu.at\/wp\/schulungsabend-mit-schwerpunkt-geraetekunde_02032026","url_meta":{"origin":11717,"position":3},"title":"Schulungsabend mit Schwerpunkt Ger\u00e4tekunde","author":"FF-Pettneu","date":"Montag, 02. M\u00e4rz 2026","format":false,"excerpt":"Am Montag, dem 02.03.2026, fand unsere erste Monatsprobe im Jahr 2026 statt. Der Abend wurde als Schulungsabend abgehalten und diente in erster Linie der Auffrischung und Vertiefung unseres Wissens rund um die Ger\u00e4tschaften in unseren Einsatzfahrzeugen. Nach der Begr\u00fc\u00dfung teilten wir die Mannschaft in drei Gruppen auf, sodass alle Stationen\u2026","rel":"","context":"In &quot;Blog&quot;","block_context":{"text":"Blog","link":"https:\/\/www.feuerwehr-pettneu.at\/wp\/category\/blog"},"img":{"alt_text":"","src":"https:\/\/i0.wp.com\/www.feuerwehr-pettneu.at\/wp\/wp-content\/uploads\/2026\/03\/schulungsabend_02032026_001.jpg?resize=350%2C200&ssl=1","width":350,"height":200,"srcset":"https:\/\/i0.wp.com\/www.feuerwehr-pettneu.at\/wp\/wp-content\/uploads\/2026\/03\/schulungsabend_02032026_001.jpg?resize=350%2C200&ssl=1 1x, https:\/\/i0.wp.com\/www.feuerwehr-pettneu.at\/wp\/wp-content\/uploads\/2026\/03\/schulungsabend_02032026_001.jpg?resize=525%2C300&ssl=1 1.5x, https:\/\/i0.wp.com\/www.feuerwehr-pettneu.at\/wp\/wp-content\/uploads\/2026\/03\/schulungsabend_02032026_001.jpg?resize=700%2C400&ssl=1 2x"},"classes":[]},{"id":27393,"url":"https:\/\/www.feuerwehr-pettneu.at\/wp\/schulungsabend-fuer-atemschutztraeger-des-abschnitts-stanzertal_12052025","url_meta":{"origin":11717,"position":4},"title":"Schulungsabend f\u00fcr Atemschutztr\u00e4ger des Abschnitts Stanzertal","author":"FF-Pettneu","date":"Montag, 12. Mai 2025","format":false,"excerpt":"Am Montag, den 12. Mai 2025, fand bei der Feuerwehr Pettneu ein Schulungsabend f\u00fcr die Atemschutztr\u00e4ger des Abschnitts Stanzertal statt. Ziel dieser Weiterbildung war es, das Wissen und die Zusammenarbeit unter den einzelnen Feuerwehren im Abschnitt zu vertiefen und praxisnah zu festigen. Der Abend gliederte sich in drei informative und\u2026","rel":"","context":"In &quot;Blog&quot;","block_context":{"text":"Blog","link":"https:\/\/www.feuerwehr-pettneu.at\/wp\/category\/blog"},"img":{"alt_text":"","src":"https:\/\/i0.wp.com\/www.feuerwehr-pettneu.at\/wp\/wp-content\/uploads\/2025\/05\/ats_abschnittsschulungsabend_12052025_001.jpg?resize=350%2C200&ssl=1","width":350,"height":200,"srcset":"https:\/\/i0.wp.com\/www.feuerwehr-pettneu.at\/wp\/wp-content\/uploads\/2025\/05\/ats_abschnittsschulungsabend_12052025_001.jpg?resize=350%2C200&ssl=1 1x, https:\/\/i0.wp.com\/www.feuerwehr-pettneu.at\/wp\/wp-content\/uploads\/2025\/05\/ats_abschnittsschulungsabend_12052025_001.jpg?resize=525%2C300&ssl=1 1.5x, https:\/\/i0.wp.com\/www.feuerwehr-pettneu.at\/wp\/wp-content\/uploads\/2025\/05\/ats_abschnittsschulungsabend_12052025_001.jpg?resize=700%2C400&ssl=1 2x"},"classes":[]},{"id":23286,"url":"https:\/\/www.feuerwehr-pettneu.at\/wp\/atemschutz-teilabschnittsuebungin-pettneu_30052022","url_meta":{"origin":11717,"position":5},"title":"Atemschutz Teilabschnitts\u00fcbungin Pettneu","author":"FF-Pettneu","date":"Montag, 30. Mai 2022","format":false,"excerpt":"Am 30. Mai 2022 fand gegen 20 Uhr die Atemschutzteilabschnitts\u00fcbung des oberen Stanzertals in Pettneu statt zugleich war dies f\u00fcr unsere Feuerwehr auch die monatliche Vollprobe. \u00dcbungsannahme war ein L\u00fcftungsbrand mit vermissten Personen im \u00f6rtlichen Schwimmbad der Gemeinde Pettneu. Die Schwierigkeit der \u00dcbung bestand darin, dass Brandobjekt aufgrund seiner Gr\u00f6\u00dfe\u2026","rel":"","context":"In &quot;Blog&quot;","block_context":{"text":"Blog","link":"https:\/\/www.feuerwehr-pettneu.at\/wp\/category\/blog"},"img":{"alt_text":"","src":"https:\/\/i0.wp.com\/www.feuerwehr-pettneu.at\/wp\/wp-content\/uploads\/2022\/06\/ats_teilabschnittsuebung_30052022_028.jpg?resize=350%2C200&ssl=1","width":350,"height":200,"srcset":"https:\/\/i0.wp.com\/www.feuerwehr-pettneu.at\/wp\/wp-content\/uploads\/2022\/06\/ats_teilabschnittsuebung_30052022_028.jpg?resize=350%2C200&ssl=1 1x, https:\/\/i0.wp.com\/www.feuerwehr-pettneu.at\/wp\/wp-content\/uploads\/2022\/06\/ats_teilabschnittsuebung_30052022_028.jpg?resize=525%2C300&ssl=1 1.5x, https:\/\/i0.wp.com\/www.feuerwehr-pettneu.at\/wp\/wp-content\/uploads\/2022\/06\/ats_teilabschnittsuebung_30052022_028.jpg?resize=700%2C400&ssl=1 2x"},"classes":[]}],"_links":{"self":[{"href":"https:\/\/www.feuerwehr-pettneu.at\/wp\/wp-json\/wp\/v2\/posts\/11717","targetHints":{"allow":["GET"]}}],"collection":[{"href":"https:\/\/www.feuerwehr-pettneu.at\/wp\/wp-json\/wp\/v2\/posts"}],"about":[{"href":"https:\/\/www.feuerwehr-pettneu.at\/wp\/wp-json\/wp\/v2\/types\/post"}],"author":[{"embeddable":true,"href":"https:\/\/www.feuerwehr-pettneu.at\/wp\/wp-json\/wp\/v2\/users\/3"}],"replies":[{"embeddable":true,"href":"https:\/\/www.feuerwehr-pettneu.at\/wp\/wp-json\/wp\/v2\/comments?post=11717"}],"version-history":[{"count":0,"href":"https:\/\/www.feuerwehr-pettneu.at\/wp\/wp-json\/wp\/v2\/posts\/11717\/revisions"}],"wp:attachment":[{"href":"https:\/\/www.feuerwehr-pettneu.at\/wp\/wp-json\/wp\/v2\/media?parent=11717"}],"wp:term":[{"taxonomy":"category","embeddable":true,"href":"https:\/\/www.feuerwehr-pettneu.at\/wp\/wp-json\/wp\/v2\/categories?post=11717"},{"taxonomy":"post_tag","embeddable":true,"href":"https:\/\/www.feuerwehr-pettneu.at\/wp\/wp-json\/wp\/v2\/tags?post=11717"}],"curies":[{"name":"wp","href":"https:\/\/api.w.org\/{rel}","templated":true}]}}